{"id":6556,"date":"2022-08-18T12:52:11","date_gmt":"2022-08-18T10:52:11","guid":{"rendered":"https:\/\/www.feuerwehrkostheim.de\/?p=6556"},"modified":"2022-08-18T12:52:11","modified_gmt":"2022-08-18T10:52:11","slug":"brandverdacht-in-der-rathausstrasse","status":"publish","type":"post","link":"https:\/\/www.feuerwehrkostheim.de\/?p=6556","title":{"rendered":"Brandverdacht in der Rathausstra\u00dfe"},"content":{"rendered":"<p><img loading=\"lazy\" decoding=\"async\" class=\"alignleft\" title=\"Einsatz-Logo\" src=\"https:\/\/www.feuerwehrkostheim.de\/wp-content\/bilder\/sonstige\/logo_einsatz.jpg\" alt=\"Einsatz-Logo\" width=\"100\" height=\"100\" \/><strong>17. August 2022 &#8211; 12:28 Uhr<\/strong><br \/>\n<strong>Rathausstra\u00dfe<\/strong><br \/>\nF 2 \/ Alarmgruppe mit FF-Kastel<br \/>\nEinsatz 66 &#8211; 2022<\/p>\n<p>Am Mittwochmittag musste die Kostheimer Feuerwehr mit den Kollegen aus Kastel sowie dem L\u00f6schzug der Berufsfeuerwehr zu einem Brandverdacht in die Kasteler Rathausstra\u00dfe ausr\u00fccken. Da nach dem Eintreffen an der Einsatzstelle kein Feuer und Rauch in der betreffenden Wohnung festgestellt werden konnte, und man von einem technischen Defekt eines K\u00fchlschrankes ausgehen musste, war der Einsatz der Feuerwehr nach kurzer Zeit wieder beendet.<\/p>\n","protected":false},"excerpt":{"rendered":"<p>17. August 2022 &#8211; 12:28 Uhr Rathausstra\u00dfe F 2 \/ Alarmgruppe mit FF-Kastel Einsatz 66 &#8211; 2022 Am Mittwochmittag musste die Kostheimer Feuerwehr mit den Kollegen aus Kastel sowie dem L\u00f6schzug der Berufsfeuerwehr zu einem Brandverdacht in die Kasteler Rathausstra\u00dfe ausr\u00fccken. Da nach dem Eintreffen an der Einsatzstelle kein Feuer und Rauch in der betreffenden [&hellip;]<\/p>\n","protected":false},"author":1,"featured_media":0,"comment_status":"closed","ping_status":"open","sticky":false,"template":"","format":"standard","meta":{"_et_pb_use_builder":"","_et_pb_old_content":"","_et_gb_content_width":"","_crdt_document":"","footnotes":""},"categories":[5],"tags":[110,1172,1265,113,1313],"class_list":["post-6556","post","type-post","status-publish","format-standard","hentry","category-einsatze","tag-alarmgruppe","tag-defekt","tag-f2","tag-fehlalarm","tag-kuehlschrank"],"_links":{"self":[{"href":"https:\/\/www.feuerwehrkostheim.de\/index.php?rest_route=\/wp\/v2\/posts\/6556","targetHints":{"allow":["GET"]}}],"collection":[{"href":"https:\/\/www.feuerwehrkostheim.de\/index.php?rest_route=\/wp\/v2\/posts"}],"about":[{"href":"https:\/\/www.feuerwehrkostheim.de\/index.php?rest_route=\/wp\/v2\/types\/post"}],"author":[{"embeddable":true,"href":"https:\/\/www.feuerwehrkostheim.de\/index.php?rest_route=\/wp\/v2\/users\/1"}],"replies":[{"embeddable":true,"href":"https:\/\/www.feuerwehrkostheim.de\/index.php?rest_route=%2Fwp%2Fv2%2Fcomments&post=6556"}],"version-history":[{"count":1,"href":"https:\/\/www.feuerwehrkostheim.de\/index.php?rest_route=\/wp\/v2\/posts\/6556\/revisions"}],"predecessor-version":[{"id":6557,"href":"https:\/\/www.feuerwehrkostheim.de\/index.php?rest_route=\/wp\/v2\/posts\/6556\/revisions\/6557"}],"wp:attachment":[{"href":"https:\/\/www.feuerwehrkostheim.de\/index.php?rest_route=%2Fwp%2Fv2%2Fmedia&parent=6556"}],"wp:term":[{"taxonomy":"category","embeddable":true,"href":"https:\/\/www.feuerwehrkostheim.de\/index.php?rest_route=%2Fwp%2Fv2%2Fcategories&post=6556"},{"taxonomy":"post_tag","embeddable":true,"href":"https:\/\/www.feuerwehrkostheim.de\/index.php?rest_route=%2Fwp%2Fv2%2Ftags&post=6556"}],"curies":[{"name":"wp","href":"https:\/\/api.w.org\/{rel}","templated":true}]}}