{"id":6510,"date":"2022-07-25T14:49:13","date_gmt":"2022-07-25T12:49:13","guid":{"rendered":"https:\/\/www.feuerwehrkostheim.de\/?p=6510"},"modified":"2022-08-02T16:48:48","modified_gmt":"2022-08-02T14:48:48","slug":"flaechenbrand-in-der-hauptstrasse","status":"publish","type":"post","link":"https:\/\/www.feuerwehrkostheim.de\/?p=6510","title":{"rendered":"Fl\u00e4chenbrand in der Hauptstra\u00dfe"},"content":{"rendered":"<p><img loading=\"lazy\" decoding=\"async\" class=\"alignleft\" title=\"Einsatz-Logo\" src=\"https:\/\/www.feuerwehrkostheim.de\/wp-content\/bilder\/sonstige\/logo_einsatz.jpg\" alt=\"Einsatz-Logo\" width=\"100\" height=\"100\" \/><strong>24. Juli 2022 &#8211; 15:57 Uhr<\/strong><br \/>\n<strong>Hauptstra\u00dfe<\/strong><br \/>\nF WALD 1<br \/>\nEinsatz 57 &#8211; 2022<\/p>\n<p><a href=\"https:\/\/www.feuerwehrkostheim.de\/wp-content\/uploads\/2022\/07\/2022-07-24-Flaechenbrand-rotated.jpg\" target=\"_blank\" rel=\"noopener\"><img loading=\"lazy\" decoding=\"async\" class=\"alignright wp-image-6512 size-medium\" style=\"border: 4px solid #D8D8D8;\" src=\"https:\/\/www.feuerwehrkostheim.de\/wp-content\/uploads\/2022\/07\/2022-07-24-Flaechenbrand-225x300.jpg\" alt=\"\" width=\"225\" height=\"300\" srcset=\"https:\/\/www.feuerwehrkostheim.de\/wp-content\/uploads\/2022\/07\/2022-07-24-Flaechenbrand-225x300.jpg 225w, https:\/\/www.feuerwehrkostheim.de\/wp-content\/uploads\/2022\/07\/2022-07-24-Flaechenbrand-768x1024.jpg 768w, https:\/\/www.feuerwehrkostheim.de\/wp-content\/uploads\/2022\/07\/2022-07-24-Flaechenbrand-1152x1536.jpg 1152w, https:\/\/www.feuerwehrkostheim.de\/wp-content\/uploads\/2022\/07\/2022-07-24-Flaechenbrand-rotated.jpg 1512w\" sizes=\"(max-width: 225px) 100vw, 225px\" \/><\/a>Am Sonntagnachmittag kam es zu einem Brand auf der Gr\u00fcnfl\u00e4che in der Hauptstra\u00dfe in Nachbarschaft des KiKo-Gel\u00e4ndes. Beim Eintreffen des ersten L\u00f6schfahrzeuges aus Kostheim waren die Flammen bereits durch einen Mitarbeiter des benachbarten \u00a0Papierwerkes mit einem Feuerl\u00f6scher niedergeschlagen. Durch die Kostheimer Feuerwehr, die mit beiden L\u00f6schfahrzeugen vor Ort war, wurden f\u00fcr die Nachl\u00f6scharbeiten zwei C-Rohre vorgenommen. Es brannten etwa 160m\u00b2 Gr\u00fcnfl\u00e4che samt Geh\u00f6lz. Die ebenfalls alarmierten Kameraden aus Kastel sowie der Berufsfeuerwehr mussten nicht unterst\u00fctzend t\u00e4tig werden und konnten wieder einr\u00fccken. Nach zwei Stunden war der Einsatz beendet und die Fahrzeuge wieder aufger\u00fcstet.<\/p>\n","protected":false},"excerpt":{"rendered":"<p>24. Juli 2022 &#8211; 15:57 Uhr Hauptstra\u00dfe F WALD 1 Einsatz 57 &#8211; 2022 Am Sonntagnachmittag kam es zu einem Brand auf der Gr\u00fcnfl\u00e4che in der Hauptstra\u00dfe in Nachbarschaft des KiKo-Gel\u00e4ndes. Beim Eintreffen des ersten L\u00f6schfahrzeuges aus Kostheim waren die Flammen bereits durch einen Mitarbeiter des benachbarten \u00a0Papierwerkes mit einem Feuerl\u00f6scher niedergeschlagen. Durch die Kostheimer [&hellip;]<\/p>\n","protected":false},"author":1,"featured_media":0,"comment_status":"closed","ping_status":"open","sticky":false,"template":"","format":"standard","meta":{"_et_pb_use_builder":"","_et_pb_old_content":"","_et_gb_content_width":"","_crdt_document":"","footnotes":""},"categories":[5],"tags":[50,31,28,1524,703,1229,1523],"class_list":["post-6510","post","type-post","status-publish","format-standard","hentry","category-einsatze","tag-brand","tag-feuer","tag-flachenbrand","tag-gehoelz","tag-gestruepp","tag-gras","tag-gruenflaeche"],"_links":{"self":[{"href":"https:\/\/www.feuerwehrkostheim.de\/index.php?rest_route=\/wp\/v2\/posts\/6510","targetHints":{"allow":["GET"]}}],"collection":[{"href":"https:\/\/www.feuerwehrkostheim.de\/index.php?rest_route=\/wp\/v2\/posts"}],"about":[{"href":"https:\/\/www.feuerwehrkostheim.de\/index.php?rest_route=\/wp\/v2\/types\/post"}],"author":[{"embeddable":true,"href":"https:\/\/www.feuerwehrkostheim.de\/index.php?rest_route=\/wp\/v2\/users\/1"}],"replies":[{"embeddable":true,"href":"https:\/\/www.feuerwehrkostheim.de\/index.php?rest_route=%2Fwp%2Fv2%2Fcomments&post=6510"}],"version-history":[{"count":3,"href":"https:\/\/www.feuerwehrkostheim.de\/index.php?rest_route=\/wp\/v2\/posts\/6510\/revisions"}],"predecessor-version":[{"id":6524,"href":"https:\/\/www.feuerwehrkostheim.de\/index.php?rest_route=\/wp\/v2\/posts\/6510\/revisions\/6524"}],"wp:attachment":[{"href":"https:\/\/www.feuerwehrkostheim.de\/index.php?rest_route=%2Fwp%2Fv2%2Fmedia&parent=6510"}],"wp:term":[{"taxonomy":"category","embeddable":true,"href":"https:\/\/www.feuerwehrkostheim.de\/index.php?rest_route=%2Fwp%2Fv2%2Fcategories&post=6510"},{"taxonomy":"post_tag","embeddable":true,"href":"https:\/\/www.feuerwehrkostheim.de\/index.php?rest_route=%2Fwp%2Fv2%2Ftags&post=6510"}],"curies":[{"name":"wp","href":"https:\/\/api.w.org\/{rel}","templated":true}]}}