{"id":6482,"date":"2022-06-26T13:18:34","date_gmt":"2022-06-26T11:18:34","guid":{"rendered":"https:\/\/www.feuerwehrkostheim.de\/?p=6482"},"modified":"2022-06-27T13:33:03","modified_gmt":"2022-06-27T11:33:03","slug":"unwetterzelle-ueber-wiesbaden-sorgt-fuer-feuerwehreinsaetze","status":"publish","type":"post","link":"https:\/\/www.feuerwehrkostheim.de\/?p=6482","title":{"rendered":"Unwetterzelle \u00fcber Wiesbaden sorgt f\u00fcr Feuerwehreins\u00e4tze"},"content":{"rendered":"<p><img loading=\"lazy\" decoding=\"async\" class=\"alignleft\" title=\"Einsatz-Logo\" src=\"https:\/\/www.feuerwehrkostheim.de\/wp-content\/bilder\/sonstige\/logo_einsatz.jpg\" alt=\"Einsatz-Logo\" width=\"100\" height=\"100\" \/><strong>24. Juni 2022 &#8211; 17:40 Uhr<\/strong><br \/>\n<strong>Stadtgebiet<\/strong><br \/>\nU ALARM<br \/>\nEins\u00e4tze 45-50 &#8211; 2022<\/p>\n<p><a href=\"https:\/\/www.feuerwehrkostheim.de\/wp-content\/uploads\/2022\/06\/2022-06-24_Unwetter-1-scaled.jpg\"><img decoding=\"async\" class=\"alignright size-medium wp-image-6481\" style=\"border: 4px solid #D8D8D8;\" src=\"https:\/\/www.feuerwehrkostheim.de\/wp-content\/uploads\/2022\/06\/2022-06-24_Unwetter-1-300x225.jpg\" alt=\"\" height=\"225\" srcset=\"https:\/\/www.feuerwehrkostheim.de\/wp-content\/uploads\/2022\/06\/2022-06-24_Unwetter-1-300x225.jpg 300w, https:\/\/www.feuerwehrkostheim.de\/wp-content\/uploads\/2022\/06\/2022-06-24_Unwetter-1-1024x768.jpg 1024w, https:\/\/www.feuerwehrkostheim.de\/wp-content\/uploads\/2022\/06\/2022-06-24_Unwetter-1-768x576.jpg 768w, https:\/\/www.feuerwehrkostheim.de\/wp-content\/uploads\/2022\/06\/2022-06-24_Unwetter-1-1536x1152.jpg 1536w, https:\/\/www.feuerwehrkostheim.de\/wp-content\/uploads\/2022\/06\/2022-06-24_Unwetter-1-2048x1536.jpg 2048w, https:\/\/www.feuerwehrkostheim.de\/wp-content\/uploads\/2022\/06\/2022-06-24_Unwetter-1-610x458.jpg 610w\" sizes=\"(max-width: 300px) 100vw, 300px\" \/><\/a>W\u00e4hrend die Einsatzabteilung der Kostheimer Feuerwehr f\u00fcr ihr Veranstaltungswochenende (Jahreshauptversammlungen und Jubilarenfeier) mit dem Aufbau besch\u00e4ftigt war, zog am fr\u00fchen Freitagabend eine Unwetterzelle \u00fcber das Wiesbadener Stadtgebiet und sorgte durch teils massive Regenmengen f\u00fcr eine Vielzahl von Feuerwehreins\u00e4tzen. Mit dem Eingehen von immer mehr Notrufen, besonders aus dem westlichen Bereich Wiesbadens, wurden neben den hauptamtlichen Kr\u00e4ften auch eine mehrere Freiwilligen Feuerwehren alarmiert. Vorwiegend f\u00fchrten die Regenf\u00e4lle f\u00fcr vollgelaufene Keller, aus den Verankerungen gehobene Gullideckel oder \u00fcberflutete Stra\u00dfenabschnitte. Durch Sturmb\u00f6en kam es weiterhin noch zu umgest\u00fcrzten B\u00e4umen, die beseitigt werden mussten.<\/p>\n<p><!--more--><\/p>\n<p><a href=\"https:\/\/www.feuerwehrkostheim.de\/wp-content\/uploads\/2022\/06\/2022-06-24-Unwetter-2.jpg\"><img decoding=\"async\" class=\"alignleft size-medium wp-image-6480\" style=\"border: 4px solid #D8D8D8;\" src=\"https:\/\/www.feuerwehrkostheim.de\/wp-content\/uploads\/2022\/06\/2022-06-24-Unwetter-2-300x225.jpg\" alt=\"\" height=\"225\" srcset=\"https:\/\/www.feuerwehrkostheim.de\/wp-content\/uploads\/2022\/06\/2022-06-24-Unwetter-2-300x225.jpg 300w, https:\/\/www.feuerwehrkostheim.de\/wp-content\/uploads\/2022\/06\/2022-06-24-Unwetter-2-1024x768.jpg 1024w, https:\/\/www.feuerwehrkostheim.de\/wp-content\/uploads\/2022\/06\/2022-06-24-Unwetter-2-768x576.jpg 768w, https:\/\/www.feuerwehrkostheim.de\/wp-content\/uploads\/2022\/06\/2022-06-24-Unwetter-2-1536x1152.jpg 1536w, https:\/\/www.feuerwehrkostheim.de\/wp-content\/uploads\/2022\/06\/2022-06-24-Unwetter-2-610x458.jpg 610w, https:\/\/www.feuerwehrkostheim.de\/wp-content\/uploads\/2022\/06\/2022-06-24-Unwetter-2.jpg 2016w\" sizes=\"(max-width: 300px) 100vw, 300px\" \/><\/a>Die Kostheimer Wehr besetzte neben den zwei L\u00f6schfahrzeugen auch das Mannschaftsfahrzeug, wodurch allen Fahrzeugen unterschiedliche Einsatzstellen zugeteilt werden konnten. Der Einsatzschwerpunkt f\u00fcr die Kr\u00e4fte aus Kostheim befand sich im Stadtteil Biebrich, wo speziell im Bereich der n\u00f6rdlichen Erich-Ollenhauer-Stra\u00dfe eine gro\u00dfe Anzahl von Einsatzstellen abgearbeitet werden musste. Zusammen mit vorwiegend den anderen Freiwilligen Wehren, wurde nach und nach jeder betroffene Keller mittels Tauchpumpen oder I-Sauger wieder \u201etrockengelegt\u201c und die aus den Sch\u00e4chten gesp\u00fclten Kanaldeckel wieder eingesetzt.<\/p>\n<p>Neben den Bereitschaftszeiten vor und nach dem Abarbeiten eines Einsatzauftrages, wurden der Kostheimer Wehr insgesamt f\u00fcnf Eins\u00e4tze zugordnet wo sie vor Ort t\u00e4tig werden musste. Gegen 22 Uhr waren aus Kostheimer Sicht die Fahrzeuge wieder aufger\u00fcstet und der Unwettereinsatz konnte beendet werden.<\/p>\n","protected":false},"excerpt":{"rendered":"<p>24. Juni 2022 &#8211; 17:40 Uhr Stadtgebiet U ALARM Eins\u00e4tze 45-50 &#8211; 2022 W\u00e4hrend die Einsatzabteilung der Kostheimer Feuerwehr f\u00fcr ihr Veranstaltungswochenende (Jahreshauptversammlungen und Jubilarenfeier) mit dem Aufbau besch\u00e4ftigt war, zog am fr\u00fchen Freitagabend eine Unwetterzelle \u00fcber das Wiesbadener Stadtgebiet und sorgte durch teils massive Regenmengen f\u00fcr eine Vielzahl von Feuerwehreins\u00e4tzen. Mit dem Eingehen von [&hellip;]<\/p>\n","protected":false},"author":1,"featured_media":0,"comment_status":"closed","ping_status":"open","sticky":false,"template":"","format":"standard","meta":{"_et_pb_use_builder":"","_et_pb_old_content":"","_et_gb_content_width":"","_crdt_document":"","footnotes":""},"categories":[5],"tags":[410,1512,235,236,1066,237,1354,89,542],"class_list":["post-6482","post","type-post","status-publish","format-standard","hentry","category-einsatze","tag-biebrich","tag-gullideckel","tag-i-sauger","tag-keller","tag-starkregen","tag-tauchpumpe","tag-ualarm","tag-unwetter","tag-unwettereinsatz"],"_links":{"self":[{"href":"https:\/\/www.feuerwehrkostheim.de\/index.php?rest_route=\/wp\/v2\/posts\/6482","targetHints":{"allow":["GET"]}}],"collection":[{"href":"https:\/\/www.feuerwehrkostheim.de\/index.php?rest_route=\/wp\/v2\/posts"}],"about":[{"href":"https:\/\/www.feuerwehrkostheim.de\/index.php?rest_route=\/wp\/v2\/types\/post"}],"author":[{"embeddable":true,"href":"https:\/\/www.feuerwehrkostheim.de\/index.php?rest_route=\/wp\/v2\/users\/1"}],"replies":[{"embeddable":true,"href":"https:\/\/www.feuerwehrkostheim.de\/index.php?rest_route=%2Fwp%2Fv2%2Fcomments&post=6482"}],"version-history":[{"count":1,"href":"https:\/\/www.feuerwehrkostheim.de\/index.php?rest_route=\/wp\/v2\/posts\/6482\/revisions"}],"predecessor-version":[{"id":6483,"href":"https:\/\/www.feuerwehrkostheim.de\/index.php?rest_route=\/wp\/v2\/posts\/6482\/revisions\/6483"}],"wp:attachment":[{"href":"https:\/\/www.feuerwehrkostheim.de\/index.php?rest_route=%2Fwp%2Fv2%2Fmedia&parent=6482"}],"wp:term":[{"taxonomy":"category","embeddable":true,"href":"https:\/\/www.feuerwehrkostheim.de\/index.php?rest_route=%2Fwp%2Fv2%2Fcategories&post=6482"},{"taxonomy":"post_tag","embeddable":true,"href":"https:\/\/www.feuerwehrkostheim.de\/index.php?rest_route=%2Fwp%2Fv2%2Ftags&post=6482"}],"curies":[{"name":"wp","href":"https:\/\/api.w.org\/{rel}","templated":true}]}}