{"id":6460,"date":"2022-06-12T23:07:16","date_gmt":"2022-06-12T21:07:16","guid":{"rendered":"https:\/\/www.feuerwehrkostheim.de\/?p=6460"},"modified":"2022-06-13T13:15:49","modified_gmt":"2022-06-13T11:15:49","slug":"grillstand-der-kostheimer-wehr-beim-polizeipraesidium-westhessen","status":"publish","type":"post","link":"https:\/\/www.feuerwehrkostheim.de\/?p=6460","title":{"rendered":"Grillstand der Kostheimer Wehr beim Polizeipr\u00e4sidium Westhessen"},"content":{"rendered":"<p><img decoding=\"async\" class=\"alignright size-medium\" style=\"border: 4px solid #D8D8D8;\" src=\"https:\/\/live.staticflickr.com\/65535\/52142968163_8e5c6ee9cf_n.jpg\" height=\"240\" \/>Nachdem die Kostheimer Feuerwehr schon beim letzten Tag der offenen T\u00fcr des PP Westhessen mit einem Grillstand vertreten war, konnten die zahlreichen Besucher auch in diesem Jahr beim Tag der Polizei auf dem Gel\u00e4nde im Konrad-Adenauer-Ring frisch zubereitete Grillw\u00fcrste aus Kostheim genie\u00dfen.<\/p>\n<p>Bei bestem Ausflugswetter f\u00fcllten die Wege auf dem weitl\u00e4ufigen Gel\u00e4nde nicht nur durch die etwa 800 Anw\u00e4rterinnen und Anw\u00e4rter, die am fr\u00fchen morgen in Anwesenheit des hessischen Innenministers sowie dem Polizeipr\u00e4sidenten Stefan M\u00fcller vereidigt wurden. Mit \u00f6ffnen der T\u00fcren und Tore f\u00fcr die \u00d6ffentlichkeit um 11 Uhr hie\u00df es f\u00fcr die Kostheimer \u201eFeuer frei\u201c.<\/p>\n<p><img decoding=\"async\" class=\"alignleft size-medium\" style=\"border: 4px solid #D8D8D8;\" src=\"https:\/\/live.staticflickr.com\/65535\/52143438620_0dc6a51613_n.jpg\" height=\"240\" \/> Bis zum Veranstaltungsende um 17 Uhr ging eine Wurst nach der anderen \u00fcber die Theke. Insgesamt wurden f\u00fcr die G\u00e4ste knapp 1500 Brat- und Rindsw\u00fcrste auf dem Grill zubereitet. Auch Polizeipr\u00e4sident M\u00fcller lie\u00df es sich nicht nehmen, zwischen seinen vielen Aufgaben an dem Tag, kurz bei den Kostheimern einzukehren und selbst eine Bratwurst zu verspeisen.<\/p>\n<p><!--more-->Ein anstrengender, aber toller Tag ging am fr\u00fchen Abend mit dem R\u00fcckbau und R\u00fccktransport des gesamten Grillstandes zu Ende. Wie in der Freitagnach, nach Ende des Brandsicherheitsdienstes auf dem Theatrium, mussten die Kameraden direkt zu einem Einsatz ausr\u00fccken.<\/p>\n<p>Die Feuerwehr Kostheim m\u00f6chte sich an dieser Stelle noch beim Stadtjugendfeuerwehrverband Wiesbaden bedanken, deren K\u00fchlanh\u00e4nger man sich kurzfristig zum K\u00fchlen der gut 220 Kilogramm W\u00fcrste ausleihen konnte.<\/p>\n                    <div class=\"flicgal-gallery-wrapper gallery-6462\">\n                                                    <h3 class=\"flicgal-title\">Grillstand beim PP Westhessen<\/h3>\n                                                <div class=\"flicgal-gallery-container-wrapper\">\n                            <div class=\"flicgal-spinner-wrapper\">\n                                <div class=\"flicgal-loading-img\"><img decoding=\"async\" src=\"https:\/\/www.feuerwehrkostheim.de\/wp-content\/plugins\/flickr-album-gallery\/img\/loading.gif\" \/><\/div>\n                            <\/div>\n                            <div class=\"flicgal-gallery-container\"><\/div>\n                        <\/div>\n                        <!-- Blueimp gallery -->\n                        <div id=\"blueimp-gallery-6462\" class=\"blueimp-gallery blueimp-gallery-controls\">\n                            <div class=\"slides\"><\/div>\n                            <h3 class=\"title\"><\/h3>\n                            <a class=\"prev\">\u2039<\/a>\n                            <a class=\"next\">\u203a<\/a>\n                            <a class=\"close\">\u00d7<\/a>\n                            <a class=\"play-pause\"><\/a>\n                            <ol class=\"indicator\"><\/ol>\n                        <\/div>\n                    <\/div>\n                    \n            \n","protected":false},"excerpt":{"rendered":"<p>Nachdem die Kostheimer Feuerwehr schon beim letzten Tag der offenen T\u00fcr des PP Westhessen mit einem Grillstand vertreten war, konnten die zahlreichen Besucher auch in diesem Jahr beim Tag der Polizei auf dem Gel\u00e4nde im Konrad-Adenauer-Ring frisch zubereitete Grillw\u00fcrste aus Kostheim genie\u00dfen. Bei bestem Ausflugswetter f\u00fcllten die Wege auf dem weitl\u00e4ufigen Gel\u00e4nde nicht nur durch [&hellip;]<\/p>\n","protected":false},"author":1,"featured_media":0,"comment_status":"closed","ping_status":"open","sticky":false,"template":"","format":"standard","meta":{"_et_pb_use_builder":"","_et_pb_old_content":"","_et_gb_content_width":"","_crdt_document":"","footnotes":""},"categories":[4,7],"tags":[1150,1508,1149,1151,1507,441,1152],"class_list":["post-6460","post","type-post","status-publish","format-standard","hentry","category-einsatzabteilung","category-jugendfeuerwehr","tag-grillstand","tag-polizeipraesident","tag-polizeipraesidium","tag-pp","tag-tagderpolizei","tag-unterstutzung","tag-westhessen"],"_links":{"self":[{"href":"https:\/\/www.feuerwehrkostheim.de\/index.php?rest_route=\/wp\/v2\/posts\/6460","targetHints":{"allow":["GET"]}}],"collection":[{"href":"https:\/\/www.feuerwehrkostheim.de\/index.php?rest_route=\/wp\/v2\/posts"}],"about":[{"href":"https:\/\/www.feuerwehrkostheim.de\/index.php?rest_route=\/wp\/v2\/types\/post"}],"author":[{"embeddable":true,"href":"https:\/\/www.feuerwehrkostheim.de\/index.php?rest_route=\/wp\/v2\/users\/1"}],"replies":[{"embeddable":true,"href":"https:\/\/www.feuerwehrkostheim.de\/index.php?rest_route=%2Fwp%2Fv2%2Fcomments&post=6460"}],"version-history":[{"count":3,"href":"https:\/\/www.feuerwehrkostheim.de\/index.php?rest_route=\/wp\/v2\/posts\/6460\/revisions"}],"predecessor-version":[{"id":6464,"href":"https:\/\/www.feuerwehrkostheim.de\/index.php?rest_route=\/wp\/v2\/posts\/6460\/revisions\/6464"}],"wp:attachment":[{"href":"https:\/\/www.feuerwehrkostheim.de\/index.php?rest_route=%2Fwp%2Fv2%2Fmedia&parent=6460"}],"wp:term":[{"taxonomy":"category","embeddable":true,"href":"https:\/\/www.feuerwehrkostheim.de\/index.php?rest_route=%2Fwp%2Fv2%2Fcategories&post=6460"},{"taxonomy":"post_tag","embeddable":true,"href":"https:\/\/www.feuerwehrkostheim.de\/index.php?rest_route=%2Fwp%2Fv2%2Ftags&post=6460"}],"curies":[{"name":"wp","href":"https:\/\/api.w.org\/{rel}","templated":true}]}}