{"id":6426,"date":"2022-05-28T15:33:00","date_gmt":"2022-05-28T13:33:00","guid":{"rendered":"https:\/\/www.feuerwehrkostheim.de\/?p=6426"},"modified":"2022-05-28T15:33:00","modified_gmt":"2022-05-28T13:33:00","slug":"feuer-in-einem-lichtschacht","status":"publish","type":"post","link":"https:\/\/www.feuerwehrkostheim.de\/?p=6426","title":{"rendered":"Feuer in einem Lichtschacht"},"content":{"rendered":"<p><img loading=\"lazy\" decoding=\"async\" class=\"alignleft\" title=\"Einsatz-Logo\" src=\"https:\/\/www.feuerwehrkostheim.de\/wp-content\/bilder\/sonstige\/logo_einsatz.jpg\" alt=\"Einsatz-Logo\" width=\"100\" height=\"100\" \/><strong>27. Mai 2022 &#8211; 14:31 Uhr<\/strong><br \/>\n<strong>Hauptstra\u00dfe<\/strong><br \/>\nF 2 \/ Alarmgruppe mit FF-Kastel<br \/>\nEinsatz 32 &#8211; 2022<\/p>\n<p>W\u00e4hrend Tags zuvor noch hunderte Besucher rund um das Feuerwehrger\u00e4tehaus beim Tag der offenen T\u00fcr gesellig beisammen waren, wurden die Kameraden der Kostheimer Wehr am Freitagmittag gegen 14:30 zu einem Brandeinsatz im Bereich des Seniorenzentrums in der Hauptstra\u00dfe alarmiert. Schon kurz nach dem Alarm r\u00fcckten die zwei L\u00f6schfahrzeuge aus und trafen nur wenige Augenblicke sp\u00e4ter an der Einsatzstelle ein. Vor Ort konnte festgestellt werden, dass in einem Lichtschacht trockenes Laub kulschte, aber weiter keine Gefahr bestand. Mit einer K\u00fcbelspritze konnte der Kleinbrand gel\u00f6scht werden. Durch die Kollegen der Berufsfeuerwehr, die mit dem L\u00f6schzug ebenfalls alarmiert waren, wurde noch ein L\u00fcfter in Stellung gebracht, um das Erdgeschoss zur Vorsicht quer zu bel\u00fcften. Bei der \u00dcberpr\u00fcfung der oberen Stockwerke konnte keine weitere Geruchsbel\u00e4stigung durch Brandgeruch festgestellt werden. Der Feuerwehreinsatz war nach etwa 20 Minuten wieder beendet. F\u00fcr die 22 Einsatzkr\u00e4fte der Kostheimer Wehr gingen die Aufr\u00e4umarbeiten im Ger\u00e4tehaus jedoch noch etwas weiter.<\/p>\n","protected":false},"excerpt":{"rendered":"<p>27. Mai 2022 &#8211; 14:31 Uhr Hauptstra\u00dfe F 2 \/ Alarmgruppe mit FF-Kastel Einsatz 32 &#8211; 2022 W\u00e4hrend Tags zuvor noch hunderte Besucher rund um das Feuerwehrger\u00e4tehaus beim Tag der offenen T\u00fcr gesellig beisammen waren, wurden die Kameraden der Kostheimer Wehr am Freitagmittag gegen 14:30 zu einem Brandeinsatz im Bereich des Seniorenzentrums in der Hauptstra\u00dfe [&hellip;]<\/p>\n","protected":false},"author":1,"featured_media":0,"comment_status":"closed","ping_status":"open","sticky":false,"template":"","format":"standard","meta":{"_et_pb_use_builder":"","_et_pb_old_content":"","_et_gb_content_width":"","_crdt_document":"","footnotes":""},"categories":[1],"tags":[110,50,1265,31,213,590],"class_list":["post-6426","post","type-post","status-publish","format-standard","hentry","category-allgemein","tag-alarmgruppe","tag-brand","tag-f2","tag-feuer","tag-kubelspritze","tag-seniorenheim"],"_links":{"self":[{"href":"https:\/\/www.feuerwehrkostheim.de\/index.php?rest_route=\/wp\/v2\/posts\/6426","targetHints":{"allow":["GET"]}}],"collection":[{"href":"https:\/\/www.feuerwehrkostheim.de\/index.php?rest_route=\/wp\/v2\/posts"}],"about":[{"href":"https:\/\/www.feuerwehrkostheim.de\/index.php?rest_route=\/wp\/v2\/types\/post"}],"author":[{"embeddable":true,"href":"https:\/\/www.feuerwehrkostheim.de\/index.php?rest_route=\/wp\/v2\/users\/1"}],"replies":[{"embeddable":true,"href":"https:\/\/www.feuerwehrkostheim.de\/index.php?rest_route=%2Fwp%2Fv2%2Fcomments&post=6426"}],"version-history":[{"count":1,"href":"https:\/\/www.feuerwehrkostheim.de\/index.php?rest_route=\/wp\/v2\/posts\/6426\/revisions"}],"predecessor-version":[{"id":6427,"href":"https:\/\/www.feuerwehrkostheim.de\/index.php?rest_route=\/wp\/v2\/posts\/6426\/revisions\/6427"}],"wp:attachment":[{"href":"https:\/\/www.feuerwehrkostheim.de\/index.php?rest_route=%2Fwp%2Fv2%2Fmedia&parent=6426"}],"wp:term":[{"taxonomy":"category","embeddable":true,"href":"https:\/\/www.feuerwehrkostheim.de\/index.php?rest_route=%2Fwp%2Fv2%2Fcategories&post=6426"},{"taxonomy":"post_tag","embeddable":true,"href":"https:\/\/www.feuerwehrkostheim.de\/index.php?rest_route=%2Fwp%2Fv2%2Ftags&post=6426"}],"curies":[{"name":"wp","href":"https:\/\/api.w.org\/{rel}","templated":true}]}}