{"id":6424,"date":"2022-05-28T15:22:42","date_gmt":"2022-05-28T13:22:42","guid":{"rendered":"https:\/\/www.feuerwehrkostheim.de\/?p=6424"},"modified":"2022-06-03T16:31:56","modified_gmt":"2022-06-03T14:31:56","slug":"rundum-gelungener-tag-der-offenen-tuer","status":"publish","type":"post","link":"https:\/\/www.feuerwehrkostheim.de\/?p=6424","title":{"rendered":"Rundum gelungener Tag der offenen T\u00fcr"},"content":{"rendered":"<p>\u201eWas f\u00fcr ein Tag!\u201c \u2013 so und nicht anders l\u00e4sst sich der Tag der offenen T\u00fcr der Kostheimer Feuerwehr mit etwas Abstand zusammenfassen. Nachdem die Veranstaltung im letzten Jahr aus allseits bekannten Gr\u00fcnden abgesagt werden musste, entschied die Wehr erst Anfang April final, das Fest in diesem Jahr auszurichten.<\/p>\n<p><img loading=\"lazy\" decoding=\"async\" class=\" alignright\" style=\"border: 4px solid #D8D8D8;\" src=\"https:\/\/live.staticflickr.com\/65535\/52105445765_691cc9224e_m.jpg\" width=\"270\" height=\"180\" \/>In Rekordtempo wurden die Planungen und Vorbereitungen vorangetrieben. An gewissen Stellen musste vom bisherigen Konzept abgewichen werden, da f\u00fcr das Angebot von Pommes Frites die Beschaffung von Frittier\u00f6l einfach nicht \u2013 zu akzeptablen Preisen \u2013 m\u00f6glich war. Auch die Kuchentheke wurde wegen der schlechten Verf\u00fcgbarkeit an Mehl zu Beginn zur\u00fcckgestellt. Erst wenige Tage vor dem Vatertag entschied man sich, wegen der Beliebtheit bei unseren G\u00e4sten und der dann entspannteren Verf\u00fcgbarkeit der Grundzutaten, ein Kuchenbuffet anzubieten.<\/p>\n<p><!--more--><\/p>\n<p><img loading=\"lazy\" decoding=\"async\" class=\"alignleft \" style=\"border: 4px solid #D8D8D8;\" src=\"https:\/\/live.staticflickr.com\/65535\/52105188474_b7b1334c29_m.jpg\" width=\"304\" height=\"171\" \/>Trotz aller Umst\u00e4nde konnte an diesem Tag p\u00fcnktlich um 10 Uhr der Tag der offenen T\u00fcr er\u00f6ffnet werden. Es dauerte nicht lange bis sich das Gel\u00e4nde, rund um das Ger\u00e4tehaus, f\u00fcllte. Neben der Ausstellung der Kostheimer Einsatzfahrzeuge war f\u00fcr die kleinen G\u00e4ste eine \u00fcberdimensionale H\u00fcpfburg und eine Spritzwand aufgebaut. Wer ein sch\u00f6nes Erinnerungsfoto haben wollte, konnte sich an einem Fotostand fotografieren lassen. Das Foto gab es direkt ausgedruckt oder man lud es digital auf sein Handy. Selbstverst\u00e4ndlich durfte es auch nicht an einem umfangreichen Angebot an Speisen und Getr\u00e4nken fehlen.<\/p>\n<p><img loading=\"lazy\" decoding=\"async\" class=\"alignright \" style=\"border: 4px solid #D8D8D8;\" src=\"https:\/\/live.staticflickr.com\/65535\/52105445615_eae8c84097_m.jpg\" width=\"308\" height=\"205\" \/>W\u00e4hrend eine Vielzahl an Besuchern aus Nah und Fern den Tag mit den Kostheimer Wehrleuten in geselliger Runde verbrachten, begr\u00fc\u00dften die Verantwortlichen, neben den Vertretern der \u00f6rtlichen Politik, auch den frisch ins Amt ernannten leitenden Branddirektor Andreas Kleber sowie &#8211; in Vertretung f\u00fcr den Oberb\u00fcrgermeister Mende &#8211; Stadtrat Christoph Manjura als ihre G\u00e4ste.<\/p>\n<p>Um die Mittagszeit \u00fcberraschte noch der Pr\u00e4historische Spielmannszug die Feuerwehr Kostheim samt G\u00e4sten mit einem nicht angek\u00fcndigten oder besprochenen musikalischen St\u00e4ndchen, bei dem es sich die Wehrleute nicht nehmen lie\u00dfen, ihre Gesangsk\u00fcnste beim Kostheimer Feuerwehrlied unter Beweis zu stellen.<\/p>\n<p>Erst am fr\u00fchen Abend klang der Tag mit kleineren Besuchergruppen aus und auch dann konnten die Kameradinnen und Kameraden die Gelegenheit nutzen, etwas durchzuatmen. Ein anstrengender Tag lag hinter ihnen. Doch mit den Erinnerungen an die vielen frohgestimmten Besucher aller Altersklassen, war man sich sicher, die Arbeit und M\u00fche hat sich gelohnt!<\/p>\n<p>Zu guter Letzt geh\u00f6rt es zu einem solchen Tag auch dazu, <strong>DANKE<\/strong> zu sagen:<br \/>\n&#8211; der Firma Carrier \u2013 f\u00fcr die Zurverf\u00fcgungstellung des Firmenparkplatzes,<br \/>\n&#8211; der Firma Autoecke Kostheim \u2013 f\u00fcr die M\u00f6glichkeit deren Firmengel\u00e4nde mit zu nutzen,<br \/>\n&#8211; der Firma ESWE \u2013 f\u00fcr die H\u00fcpfburg<br \/>\n&#8211; der Feuerwehr Wiesbaden \u2013 f\u00fcr die vielf\u00e4ltige Unterst\u00fctzung<br \/>\n&#8211; unseren Nachbarn \u2013 die nicht nur am Tag der offenen T\u00fcr Verst\u00e4ndnis daf\u00fcr haben, dass wir manchmal etwas lauter sind<br \/>\n&#8211; dem Schaustellerbetrieb Marc Hoffmann, der sich zusammen mit der Wehr auf den Versuch eingelassen hat, einen Crepesstand an diesem Tag zu betreiben,<br \/>\n&#8211; allen Kameradinnen, Kameraden und Partnern, die mit viel Flei\u00df auch davor und danach tatkr\u00e4ftig angepackt haben,<br \/>\n&#8211; der Firma Rasenpartner Ginsheim<br \/>\n&#8211; allen \u2013 aber im Besonderen den Eltern der Nachwuchsabteilungen &#8211; , die mit ihrer Kuchenspende zu einem pr\u00e4chtigen Kuchenbuffet gesorgt haben<br \/>\n&#8211; und nat\u00fcrlich den vielen G\u00e4sten, die den Tag zu dem gemacht haben, wie er am Ende war \u2013 rundum gelungen!<\/p>\n<p>Den n\u00e4chsten Tag der offenen T\u00fcr \u2013 der traditionell alle zwei Jahre am Vatertag stattfindet \u2013 sollten Sie sich schon heute im Kalender notieren: 9. Mai 2024. In diesem Jahr feiert die Kostheimer Feuerwehr dann zudem noch einen gro\u00dfen Geburtstag \u2013 sie wird 150 Jahre alt.<\/p>\n                    <div class=\"flicgal-gallery-wrapper gallery-6428\">\n                                                    <h3 class=\"flicgal-title\">Tag der offenen T\u00fcr 2022<\/h3>\n                                                <div class=\"flicgal-gallery-container-wrapper\">\n                            <div class=\"flicgal-spinner-wrapper\">\n                                <div class=\"flicgal-loading-img\"><img decoding=\"async\" src=\"https:\/\/www.feuerwehrkostheim.de\/wp-content\/plugins\/flickr-album-gallery\/img\/loading.gif\" \/><\/div>\n                            <\/div>\n                            <div class=\"flicgal-gallery-container\"><\/div>\n                        <\/div>\n                        <!-- Blueimp gallery -->\n                        <div id=\"blueimp-gallery-6428\" class=\"blueimp-gallery blueimp-gallery-controls\">\n                            <div class=\"slides\"><\/div>\n                            <h3 class=\"title\"><\/h3>\n                            <a class=\"prev\">\u2039<\/a>\n                            <a class=\"next\">\u203a<\/a>\n                            <a class=\"close\">\u00d7<\/a>\n                            <a class=\"play-pause\"><\/a>\n                            <ol class=\"indicator\"><\/ol>\n                        <\/div>\n                    <\/div>\n                    \n            \n","protected":false},"excerpt":{"rendered":"<p>\u201eWas f\u00fcr ein Tag!\u201c \u2013 so und nicht anders l\u00e4sst sich der Tag der offenen T\u00fcr der Kostheimer Feuerwehr mit etwas Abstand zusammenfassen. Nachdem die Veranstaltung im letzten Jahr aus allseits bekannten Gr\u00fcnden abgesagt werden musste, entschied die Wehr erst Anfang April final, das Fest in diesem Jahr auszurichten. In Rekordtempo wurden die Planungen und [&hellip;]<\/p>\n","protected":false},"author":1,"featured_media":0,"comment_status":"closed","ping_status":"open","sticky":false,"template":"","format":"standard","meta":{"_et_pb_use_builder":"","_et_pb_old_content":"","_et_gb_content_width":"","_crdt_document":"","footnotes":""},"categories":[9],"tags":[1497,446,1350,1496,256],"class_list":["post-6424","post","type-post","status-publish","format-standard","hentry","category-veranstaltungen","tag-feiern","tag-fest","tag-feuerwehrgeraetehaus","tag-gaeste","tag-tag-der-offenen-tur"],"_links":{"self":[{"href":"https:\/\/www.feuerwehrkostheim.de\/index.php?rest_route=\/wp\/v2\/posts\/6424","targetHints":{"allow":["GET"]}}],"collection":[{"href":"https:\/\/www.feuerwehrkostheim.de\/index.php?rest_route=\/wp\/v2\/posts"}],"about":[{"href":"https:\/\/www.feuerwehrkostheim.de\/index.php?rest_route=\/wp\/v2\/types\/post"}],"author":[{"embeddable":true,"href":"https:\/\/www.feuerwehrkostheim.de\/index.php?rest_route=\/wp\/v2\/users\/1"}],"replies":[{"embeddable":true,"href":"https:\/\/www.feuerwehrkostheim.de\/index.php?rest_route=%2Fwp%2Fv2%2Fcomments&post=6424"}],"version-history":[{"count":4,"href":"https:\/\/www.feuerwehrkostheim.de\/index.php?rest_route=\/wp\/v2\/posts\/6424\/revisions"}],"predecessor-version":[{"id":6431,"href":"https:\/\/www.feuerwehrkostheim.de\/index.php?rest_route=\/wp\/v2\/posts\/6424\/revisions\/6431"}],"wp:attachment":[{"href":"https:\/\/www.feuerwehrkostheim.de\/index.php?rest_route=%2Fwp%2Fv2%2Fmedia&parent=6424"}],"wp:term":[{"taxonomy":"category","embeddable":true,"href":"https:\/\/www.feuerwehrkostheim.de\/index.php?rest_route=%2Fwp%2Fv2%2Fcategories&post=6424"},{"taxonomy":"post_tag","embeddable":true,"href":"https:\/\/www.feuerwehrkostheim.de\/index.php?rest_route=%2Fwp%2Fv2%2Ftags&post=6424"}],"curies":[{"name":"wp","href":"https:\/\/api.w.org\/{rel}","templated":true}]}}