{"id":6415,"date":"2022-05-20T12:03:30","date_gmt":"2022-05-20T10:03:30","guid":{"rendered":"https:\/\/www.feuerwehrkostheim.de\/?p=6415"},"modified":"2022-06-27T13:33:41","modified_gmt":"2022-06-27T11:33:41","slug":"mitgliederversammlung-der-kostheimer-feuerwehr-4","status":"publish","type":"post","link":"https:\/\/www.feuerwehrkostheim.de\/?p=6415","title":{"rendered":"Mitgliederversammlung der Kostheimer Feuerwehr"},"content":{"rendered":"<p><a href=\"https:\/\/www.feuerwehrkostheim.de\/wp-content\/uploads\/2022\/05\/2022-05-20-Einladung-JHV-Verein.pdf\" target=\"_blank\" rel=\"noopener noreferrer\"><img loading=\"lazy\" decoding=\"async\" class=\" wp-image-5581 alignright\" style=\"border: 4px solid #D8D8D8;\" src=\"https:\/\/www.feuerwehrkostheim.de\/wp-content\/uploads\/2022\/05\/2022-05-20-JHV-Verein-2022.png\" alt=\"\" width=\"225\" height=\"317\" \/><\/a>Die Kostheimer Feuerwehr l\u00e4dt ihre Mitglieder des F\u00f6rdervereins \u201eFreiwillige Feuerwehr Kostheim 1874 e.V.\u201c zu der diesj\u00e4hrigen Jahreshauptversammlung ein.<\/p>\n<p>Sie findet am <strong>Samstag, den 25. Juni 2022 um 11:00 Uhr<\/strong> im <strong>B\u00fcrgerhaus Kostheim, Winterstra\u00dfe 20,<\/strong> statt.<\/p>\n<p>Die vom Vorstand verfasste Einladung samt Tagesordnung kann entweder \u00fcber diesen Beitrag oder \u00fcber die Men\u00fcleiste \u201eVerein\/Mitgliederversammlung\u201c angesehen und im PDF-Format heruntergeladen werden.<\/p>\n<p>Neben der Versammlung f\u00fcr den Verein Feuerwehr Kostheim, findet an diesem Samstag auch die Mitgliederversammlung des \u00f6ffentlich-rechtlichen Teils der Kostheimer Wehr &#8211; die Einsatzabteilung &#8211; statt.<\/p>\n<p><!--more--><\/p>\n<p style=\"text-align: center;\">Hier nachfolgend die Einladung im PDF-Format. Sie kann,<br \/>\nsoweit Acrobat Reader auf Ihrem Rechner installiert ist,<br \/>\n\u00fcber folgenden Link angezeigt werden:<\/p>\n<p style=\"text-align: center;\"><strong><a href=\"https:\/\/www.feuerwehrkostheim.de\/wp-content\/uploads\/2022\/05\/2022-05-20-Einladung-JHV-Verein.pdf\" target=\"_blank\" rel=\"noopener noreferrer\">EINLADUNG MITGLIEDERVERSAMMLUNG 2022<\/a><\/strong><\/p>\n<p style=\"text-align: center;\">Sollten Sie kein Adobe Acrobat Reader installiert haben,<br \/>\nk\u00f6nnen Sie dies \u00fcber folgenden Link nachholen.<\/p>\n<p style=\"text-align: center;\"><a href=\"http:\/\/www.adobe.de\/products\/acrobat\/readstep2.html\" target=\"_blank\" rel=\"noopener noreferrer\"><img loading=\"lazy\" decoding=\"async\" class=\"aligncenter\" title=\"Direktlink Adobe\" src=\"http:\/\/www.feuerwehrkostheim.de\/wp-content\/bilder\/sonstige\/logo_adobe.gif\" alt=\"\" width=\"40\" height=\"54\" \/><\/a><\/p>\n<p>&nbsp;<\/p>\n","protected":false},"excerpt":{"rendered":"<p>Die Kostheimer Feuerwehr l\u00e4dt ihre Mitglieder des F\u00f6rdervereins \u201eFreiwillige Feuerwehr Kostheim 1874 e.V.\u201c zu der diesj\u00e4hrigen Jahreshauptversammlung ein. Sie findet am Samstag, den 25. Juni 2022 um 11:00 Uhr im B\u00fcrgerhaus Kostheim, Winterstra\u00dfe 20, statt. Die vom Vorstand verfasste Einladung samt Tagesordnung kann entweder \u00fcber diesen Beitrag oder \u00fcber die Men\u00fcleiste \u201eVerein\/Mitgliederversammlung\u201c angesehen und im [&hellip;]<\/p>\n","protected":false},"author":1,"featured_media":0,"comment_status":"closed","ping_status":"open","sticky":false,"template":"","format":"standard","meta":{"_et_pb_use_builder":"","_et_pb_old_content":"","_et_gb_content_width":"","_crdt_document":"","footnotes":""},"categories":[10],"tags":[706,1090,191,1091,1355,939,192],"class_list":["post-6415","post","type-post","status-publish","format-standard","hentry","category-verein","tag-buergerhaus","tag-einladung","tag-jahreshauptversammlung","tag-jhv","tag-mitglieder","tag-mitgliederversammlung","tag-versammlung"],"_links":{"self":[{"href":"https:\/\/www.feuerwehrkostheim.de\/index.php?rest_route=\/wp\/v2\/posts\/6415","targetHints":{"allow":["GET"]}}],"collection":[{"href":"https:\/\/www.feuerwehrkostheim.de\/index.php?rest_route=\/wp\/v2\/posts"}],"about":[{"href":"https:\/\/www.feuerwehrkostheim.de\/index.php?rest_route=\/wp\/v2\/types\/post"}],"author":[{"embeddable":true,"href":"https:\/\/www.feuerwehrkostheim.de\/index.php?rest_route=\/wp\/v2\/users\/1"}],"replies":[{"embeddable":true,"href":"https:\/\/www.feuerwehrkostheim.de\/index.php?rest_route=%2Fwp%2Fv2%2Fcomments&post=6415"}],"version-history":[{"count":2,"href":"https:\/\/www.feuerwehrkostheim.de\/index.php?rest_route=\/wp\/v2\/posts\/6415\/revisions"}],"predecessor-version":[{"id":6828,"href":"https:\/\/www.feuerwehrkostheim.de\/index.php?rest_route=\/wp\/v2\/posts\/6415\/revisions\/6828"}],"wp:attachment":[{"href":"https:\/\/www.feuerwehrkostheim.de\/index.php?rest_route=%2Fwp%2Fv2%2Fmedia&parent=6415"}],"wp:term":[{"taxonomy":"category","embeddable":true,"href":"https:\/\/www.feuerwehrkostheim.de\/index.php?rest_route=%2Fwp%2Fv2%2Fcategories&post=6415"},{"taxonomy":"post_tag","embeddable":true,"href":"https:\/\/www.feuerwehrkostheim.de\/index.php?rest_route=%2Fwp%2Fv2%2Ftags&post=6415"}],"curies":[{"name":"wp","href":"https:\/\/api.w.org\/{rel}","templated":true}]}}