{"id":6413,"date":"2022-05-19T14:05:02","date_gmt":"2022-05-19T13:05:02","guid":{"rendered":"https:\/\/www.feuerwehrkostheim.de\/?p=6413"},"modified":"2022-05-19T14:05:02","modified_gmt":"2022-05-19T13:05:02","slug":"angeblich-brennende-gartenhuette-kann-nicht-gefunden-werden","status":"publish","type":"post","link":"https:\/\/www.feuerwehrkostheim.de\/?p=6413","title":{"rendered":"Angeblich brennende Gartenh\u00fctte kann nicht gefunden werden"},"content":{"rendered":"<p><img loading=\"lazy\" decoding=\"async\" class=\"alignleft\" title=\"Einsatz-Logo\" src=\"https:\/\/www.feuerwehrkostheim.de\/wp-content\/bilder\/sonstige\/logo_einsatz.jpg\" alt=\"Einsatz-Logo\" width=\"100\" height=\"100\" \/><strong>19. Mai 2022 &#8211; 18:18 Uhr<\/strong><br \/>\n<strong>Jakob-Schick-Stra\u00dfe<\/strong><br \/>\nF \/ Alarmgruppe mit FF-Kastel<br \/>\nEinsatz 31 &#8211; 2022<\/p>\n<p>Aufgrund eines eingegangenen Notrufes, dass im Bereich der Jakob-Schick-Stra\u00dfe eine Gartenh\u00fctte brennen sollte, alarmierte die Wiesbadner Rettungsleitstelle am Donnertagmittag neben Kr\u00e4ften der Berufsfeuerwehr auch die Freiwilligen Wehren aus Kostheim uns Kastel. Da durch die Erkundung der hauptamtlichen Kollegen keine Feststellung gemacht werden konnte, muss von einem Notrufmissbrauch ausgegangen werden. Das ausger\u00fcckte L\u00f6schfahrzeug aus Kostheim r\u00fcckte somit kurze Zeit sp\u00e4ter wieder ein.<\/p>\n","protected":false},"excerpt":{"rendered":"<p>19. Mai 2022 &#8211; 18:18 Uhr Jakob-Schick-Stra\u00dfe F \/ Alarmgruppe mit FF-Kastel Einsatz 31 &#8211; 2022 Aufgrund eines eingegangenen Notrufes, dass im Bereich der Jakob-Schick-Stra\u00dfe eine Gartenh\u00fctte brennen sollte, alarmierte die Wiesbadner Rettungsleitstelle am Donnertagmittag neben Kr\u00e4ften der Berufsfeuerwehr auch die Freiwilligen Wehren aus Kostheim uns Kastel. Da durch die Erkundung der hauptamtlichen Kollegen keine [&hellip;]<\/p>\n","protected":false},"author":1,"featured_media":0,"comment_status":"closed","ping_status":"open","sticky":false,"template":"","format":"standard","meta":{"_et_pb_use_builder":"","_et_pb_old_content":"","_et_gb_content_width":"","_crdt_document":"","footnotes":""},"categories":[1],"tags":[110,112,1342,113,598,480],"class_list":["post-6413","post","type-post","status-publish","format-standard","hentry","category-allgemein","tag-alarmgruppe","tag-brandverdacht","tag-f1l-wasser","tag-fehlalarm","tag-notruf","tag-unfug"],"_links":{"self":[{"href":"https:\/\/www.feuerwehrkostheim.de\/index.php?rest_route=\/wp\/v2\/posts\/6413","targetHints":{"allow":["GET"]}}],"collection":[{"href":"https:\/\/www.feuerwehrkostheim.de\/index.php?rest_route=\/wp\/v2\/posts"}],"about":[{"href":"https:\/\/www.feuerwehrkostheim.de\/index.php?rest_route=\/wp\/v2\/types\/post"}],"author":[{"embeddable":true,"href":"https:\/\/www.feuerwehrkostheim.de\/index.php?rest_route=\/wp\/v2\/users\/1"}],"replies":[{"embeddable":true,"href":"https:\/\/www.feuerwehrkostheim.de\/index.php?rest_route=%2Fwp%2Fv2%2Fcomments&post=6413"}],"version-history":[{"count":1,"href":"https:\/\/www.feuerwehrkostheim.de\/index.php?rest_route=\/wp\/v2\/posts\/6413\/revisions"}],"predecessor-version":[{"id":6414,"href":"https:\/\/www.feuerwehrkostheim.de\/index.php?rest_route=\/wp\/v2\/posts\/6413\/revisions\/6414"}],"wp:attachment":[{"href":"https:\/\/www.feuerwehrkostheim.de\/index.php?rest_route=%2Fwp%2Fv2%2Fmedia&parent=6413"}],"wp:term":[{"taxonomy":"category","embeddable":true,"href":"https:\/\/www.feuerwehrkostheim.de\/index.php?rest_route=%2Fwp%2Fv2%2Fcategories&post=6413"},{"taxonomy":"post_tag","embeddable":true,"href":"https:\/\/www.feuerwehrkostheim.de\/index.php?rest_route=%2Fwp%2Fv2%2Ftags&post=6413"}],"curies":[{"name":"wp","href":"https:\/\/api.w.org\/{rel}","templated":true}]}}