{"id":6393,"date":"2022-05-01T14:38:50","date_gmt":"2022-05-01T13:38:50","guid":{"rendered":"https:\/\/www.feuerwehrkostheim.de\/?p=6393"},"modified":"2022-05-03T14:50:44","modified_gmt":"2022-05-03T13:50:44","slug":"wachbesetzung-wegen-unfall-auf-der-a3","status":"publish","type":"post","link":"https:\/\/www.feuerwehrkostheim.de\/?p=6393","title":{"rendered":"Wachbesetzung wegen Unfall auf der A3"},"content":{"rendered":"<p><img loading=\"lazy\" decoding=\"async\" class=\"alignleft\" title=\"Einsatz-Logo\" src=\"https:\/\/www.feuerwehrkostheim.de\/wp-content\/bilder\/sonstige\/logo_einsatz.jpg\" alt=\"Einsatz-Logo\" width=\"100\" height=\"100\" \/><strong>25. April 2022 &#8211; 16:11 Uhr<\/strong><br \/>\n<strong>Feuerwehrger\u00e4tehaus<\/strong><br \/>\nS WB<br \/>\nEinsatz 24 &#8211; 2022<\/p>\n<p>Aufgrund eines schweren Verkehrsunfalls zwischen zwei LKW auf der A3 vom Wiesbadener Kreuz kommend in Fahrtrichtung K\u00f6ln, waren eine Vielzahl von Einsatzkr\u00e4ften der Berufs- und Freiwilligen Wehren aus Wiesbaden eingebunden.<br \/>\nUm f\u00fcr weitere Paralleleins\u00e4tze gewappnet zu sein, wurde die Kostheimer Wehr am Montagnachmittag (25.04.) alarmiert, um im eigenen Feuerwehrger\u00e4tehaus die Einsatzbereitschaft herzustellen. Die 20 Einsatzkr\u00e4fte konnten Ihre Bereitschaft knapp zwei Stunden sp\u00e4ter &#8211; ohne weitere Alarmierungen beenden.<\/p>\n","protected":false},"excerpt":{"rendered":"<p>25. April 2022 &#8211; 16:11 Uhr Feuerwehrger\u00e4tehaus S WB Einsatz 24 &#8211; 2022 Aufgrund eines schweren Verkehrsunfalls zwischen zwei LKW auf der A3 vom Wiesbadener Kreuz kommend in Fahrtrichtung K\u00f6ln, waren eine Vielzahl von Einsatzkr\u00e4ften der Berufs- und Freiwilligen Wehren aus Wiesbaden eingebunden. Um f\u00fcr weitere Paralleleins\u00e4tze gewappnet zu sein, wurde die Kostheimer Wehr am [&hellip;]<\/p>\n","protected":false},"author":1,"featured_media":0,"comment_status":"closed","ping_status":"open","sticky":false,"template":"","format":"standard","meta":{"_et_pb_use_builder":"","_et_pb_old_content":"","_et_gb_content_width":"","_crdt_document":"","footnotes":""},"categories":[5],"tags":[1305,70,243],"class_list":["post-6393","post","type-post","status-publish","format-standard","hentry","category-einsatze","tag-swb","tag-vu","tag-wachbesetzung"],"_links":{"self":[{"href":"https:\/\/www.feuerwehrkostheim.de\/index.php?rest_route=\/wp\/v2\/posts\/6393","targetHints":{"allow":["GET"]}}],"collection":[{"href":"https:\/\/www.feuerwehrkostheim.de\/index.php?rest_route=\/wp\/v2\/posts"}],"about":[{"href":"https:\/\/www.feuerwehrkostheim.de\/index.php?rest_route=\/wp\/v2\/types\/post"}],"author":[{"embeddable":true,"href":"https:\/\/www.feuerwehrkostheim.de\/index.php?rest_route=\/wp\/v2\/users\/1"}],"replies":[{"embeddable":true,"href":"https:\/\/www.feuerwehrkostheim.de\/index.php?rest_route=%2Fwp%2Fv2%2Fcomments&post=6393"}],"version-history":[{"count":1,"href":"https:\/\/www.feuerwehrkostheim.de\/index.php?rest_route=\/wp\/v2\/posts\/6393\/revisions"}],"predecessor-version":[{"id":6394,"href":"https:\/\/www.feuerwehrkostheim.de\/index.php?rest_route=\/wp\/v2\/posts\/6393\/revisions\/6394"}],"wp:attachment":[{"href":"https:\/\/www.feuerwehrkostheim.de\/index.php?rest_route=%2Fwp%2Fv2%2Fmedia&parent=6393"}],"wp:term":[{"taxonomy":"category","embeddable":true,"href":"https:\/\/www.feuerwehrkostheim.de\/index.php?rest_route=%2Fwp%2Fv2%2Fcategories&post=6393"},{"taxonomy":"post_tag","embeddable":true,"href":"https:\/\/www.feuerwehrkostheim.de\/index.php?rest_route=%2Fwp%2Fv2%2Ftags&post=6393"}],"curies":[{"name":"wp","href":"https:\/\/api.w.org\/{rel}","templated":true}]}}