{"id":6388,"date":"2022-04-25T09:44:31","date_gmt":"2022-04-25T08:44:31","guid":{"rendered":"https:\/\/www.feuerwehrkostheim.de\/?p=6388"},"modified":"2022-04-25T09:48:10","modified_gmt":"2022-04-25T08:48:10","slug":"person-im-rhein","status":"publish","type":"post","link":"https:\/\/www.feuerwehrkostheim.de\/?p=6388","title":{"rendered":"Person im Rhein"},"content":{"rendered":"<p><img loading=\"lazy\" decoding=\"async\" class=\"alignleft\" title=\"Einsatz-Logo\" src=\"https:\/\/www.feuerwehrkostheim.de\/wp-content\/bilder\/sonstige\/logo_einsatz.jpg\" alt=\"Einsatz-Logo\" width=\"100\" height=\"100\" \/><strong>24. April 2022 &#8211; 09:56 Uhr<\/strong><br \/>\n<strong>Rhein<\/strong><br \/>\nH LUSS Y RHEIN WI<br \/>\nEinsatz 23 &#8211; 2022<\/p>\n<p>Am Sonntagvormittag r\u00fcckte die Kostheiker Wehr mit ihrem Mehrzweckboot zusammen mit den weiteren Einheiten des Wasserrettungskonzeptes aus, da vom Bereich der Theodor-Heuss-Br\u00fccke eine Person im Rhein gemeldet wurde. W\u00e4hrend die Suche schon gestartet war, gingen neue Erkenntnisse ein, dass sich die Einsatzstelle etwas weiter Rheinaufw\u00e4rts, an der Eisenbahnbr\u00fccke n\u00e4he der Mainm\u00fcndung befindet. Da kurze Zeit sp\u00e4ter die Person auf Mainzer Seite von einem Boot gesichert werden konnte, wurde der Einsatz abgebrochen und alle Kr\u00e4fte r\u00fcckten wieder ein. Die Gr\u00fcnde, warum sich die Person im, bzw. am Wasser befand, wird nun polizeilich ermittelt. Seitens der Feuerwehr Kostheim, war neben dem Boot auch zwei Einsatzfahrzeuge zu Land eingesetzt &#8211; sie besetzten je einen Beobachtungspunkt in Ufern\u00e4he auf der Maaraue.<\/p>\n","protected":false},"excerpt":{"rendered":"<p>24. April 2022 &#8211; 09:56 Uhr Rhein H LUSS Y RHEIN WI Einsatz 23 &#8211; 2022 Am Sonntagvormittag r\u00fcckte die Kostheiker Wehr mit ihrem Mehrzweckboot zusammen mit den weiteren Einheiten des Wasserrettungskonzeptes aus, da vom Bereich der Theodor-Heuss-Br\u00fccke eine Person im Rhein gemeldet wurde. W\u00e4hrend die Suche schon gestartet war, gingen neue Erkenntnisse ein, dass [&hellip;]<\/p>\n","protected":false},"author":1,"featured_media":0,"comment_status":"closed","ping_status":"open","sticky":false,"template":"","format":"standard","meta":{"_et_pb_use_builder":"","_et_pb_old_content":"","_et_gb_content_width":"","_crdt_document":"","footnotes":""},"categories":[5],"tags":[1218,1382,686,470,520],"class_list":["post-6388","post","type-post","status-publish","format-standard","hentry","category-einsatze","tag-gesichert","tag-hflussyrheinwi","tag-mzb","tag-person","tag-rhein"],"_links":{"self":[{"href":"https:\/\/www.feuerwehrkostheim.de\/index.php?rest_route=\/wp\/v2\/posts\/6388","targetHints":{"allow":["GET"]}}],"collection":[{"href":"https:\/\/www.feuerwehrkostheim.de\/index.php?rest_route=\/wp\/v2\/posts"}],"about":[{"href":"https:\/\/www.feuerwehrkostheim.de\/index.php?rest_route=\/wp\/v2\/types\/post"}],"author":[{"embeddable":true,"href":"https:\/\/www.feuerwehrkostheim.de\/index.php?rest_route=\/wp\/v2\/users\/1"}],"replies":[{"embeddable":true,"href":"https:\/\/www.feuerwehrkostheim.de\/index.php?rest_route=%2Fwp%2Fv2%2Fcomments&post=6388"}],"version-history":[{"count":3,"href":"https:\/\/www.feuerwehrkostheim.de\/index.php?rest_route=\/wp\/v2\/posts\/6388\/revisions"}],"predecessor-version":[{"id":6391,"href":"https:\/\/www.feuerwehrkostheim.de\/index.php?rest_route=\/wp\/v2\/posts\/6388\/revisions\/6391"}],"wp:attachment":[{"href":"https:\/\/www.feuerwehrkostheim.de\/index.php?rest_route=%2Fwp%2Fv2%2Fmedia&parent=6388"}],"wp:term":[{"taxonomy":"category","embeddable":true,"href":"https:\/\/www.feuerwehrkostheim.de\/index.php?rest_route=%2Fwp%2Fv2%2Fcategories&post=6388"},{"taxonomy":"post_tag","embeddable":true,"href":"https:\/\/www.feuerwehrkostheim.de\/index.php?rest_route=%2Fwp%2Fv2%2Ftags&post=6388"}],"curies":[{"name":"wp","href":"https:\/\/api.w.org\/{rel}","templated":true}]}}