{"id":6378,"date":"2022-04-21T18:26:44","date_gmt":"2022-04-21T16:26:44","guid":{"rendered":"https:\/\/www.feuerwehrkostheim.de\/?p=6378"},"modified":"2022-05-28T14:31:52","modified_gmt":"2022-05-28T12:31:52","slug":"vorbeikommen-wohlfuehlen-mitfeiern","status":"publish","type":"post","link":"https:\/\/www.feuerwehrkostheim.de\/?p=6378","title":{"rendered":"Vorbeikommen &#8211; Wohlf\u00fchlen &#8211; Mitfeiern"},"content":{"rendered":"<p><a href=\"https:\/\/www.feuerwehrkostheim.de\/wp-content\/uploads\/2022\/04\/2022-Tag-der-offenen-Tuer-scaled.jpg\" target=\"_blank\" rel=\"noopener\"><img loading=\"lazy\" decoding=\"async\" class=\"wp-image-6377 aligncenter\" src=\"https:\/\/www.feuerwehrkostheim.de\/wp-content\/uploads\/2022\/04\/2022-Tag-der-offenen-Tuer-1024x724.jpg\" alt=\"\" width=\"433\" height=\"306\" srcset=\"https:\/\/www.feuerwehrkostheim.de\/wp-content\/uploads\/2022\/04\/2022-Tag-der-offenen-Tuer-1024x724.jpg 1024w, https:\/\/www.feuerwehrkostheim.de\/wp-content\/uploads\/2022\/04\/2022-Tag-der-offenen-Tuer-300x212.jpg 300w, https:\/\/www.feuerwehrkostheim.de\/wp-content\/uploads\/2022\/04\/2022-Tag-der-offenen-Tuer-768x543.jpg 768w, https:\/\/www.feuerwehrkostheim.de\/wp-content\/uploads\/2022\/04\/2022-Tag-der-offenen-Tuer-1536x1086.jpg 1536w, https:\/\/www.feuerwehrkostheim.de\/wp-content\/uploads\/2022\/04\/2022-Tag-der-offenen-Tuer-2048x1448.jpg 2048w, https:\/\/www.feuerwehrkostheim.de\/wp-content\/uploads\/2022\/04\/2022-Tag-der-offenen-Tuer-610x431.jpg 610w\" sizes=\"(max-width: 433px) 100vw, 433px\" \/><\/a><\/p>\n<p style=\"text-align: left;\">Die Kostheimer Feuerwehr veranstaltet nach dreij\u00e4hriger Pause in diesem Jahr endlich wieder einen Tag der offenen T\u00fcr. Bedingt durch die derzeit noch vorherrschende Infektionslage und der K\u00fcrze der Vorbereitungszeit, musste zwar das Gesamtkonzept an manchen Stellen angepasst werden, dennoch m\u00f6chten wir unseren G\u00e4sten aus Nah und Fern an diesem Tag wieder die M\u00f6glichkeit geben, in geselliger Runde ein paar sch\u00f6ne Stunden zu verbringen. Neben dem ausgestellten Fuhrpark der Kostheimer Wehr wird f\u00fcr unsere kleinen G\u00e4ste auch eine gro\u00dfe ESWE-H\u00fcpfburg aufgebaut. F\u00fcr das leibliche Wohl wird ebenfalls bestens gesorgt.<\/p>\n<p>Seien Sie am <strong>26. Mai<\/strong> unsere G\u00e4ste und genie\u00dfen Sie zusammen mit ihrer Familie oder Freunden den Feiertag im Kreise ihrer Feuerwehr Kostheim.<\/p>\n","protected":false},"excerpt":{"rendered":"<p>Die Kostheimer Feuerwehr veranstaltet nach dreij\u00e4hriger Pause in diesem Jahr endlich wieder einen Tag der offenen T\u00fcr. Bedingt durch die derzeit noch vorherrschende Infektionslage und der K\u00fcrze der Vorbereitungszeit, musste zwar das Gesamtkonzept an manchen Stellen angepasst werden, dennoch m\u00f6chten wir unseren G\u00e4sten aus Nah und Fern an diesem Tag wieder die M\u00f6glichkeit geben, in [&hellip;]<\/p>\n","protected":false},"author":1,"featured_media":0,"comment_status":"closed","ping_status":"open","sticky":false,"template":"","format":"standard","meta":{"_et_pb_use_builder":"","_et_pb_old_content":"","_et_gb_content_width":"","_crdt_document":"","footnotes":""},"categories":[9],"tags":[20,223,256,958,413],"class_list":["post-6378","post","type-post","status-publish","format-standard","hentry","category-veranstaltungen","tag-geratehaus","tag-kostheim","tag-tag-der-offenen-tur","tag-termin","tag-terminhinweis"],"_links":{"self":[{"href":"https:\/\/www.feuerwehrkostheim.de\/index.php?rest_route=\/wp\/v2\/posts\/6378","targetHints":{"allow":["GET"]}}],"collection":[{"href":"https:\/\/www.feuerwehrkostheim.de\/index.php?rest_route=\/wp\/v2\/posts"}],"about":[{"href":"https:\/\/www.feuerwehrkostheim.de\/index.php?rest_route=\/wp\/v2\/types\/post"}],"author":[{"embeddable":true,"href":"https:\/\/www.feuerwehrkostheim.de\/index.php?rest_route=\/wp\/v2\/users\/1"}],"replies":[{"embeddable":true,"href":"https:\/\/www.feuerwehrkostheim.de\/index.php?rest_route=%2Fwp%2Fv2%2Fcomments&post=6378"}],"version-history":[{"count":1,"href":"https:\/\/www.feuerwehrkostheim.de\/index.php?rest_route=\/wp\/v2\/posts\/6378\/revisions"}],"predecessor-version":[{"id":6379,"href":"https:\/\/www.feuerwehrkostheim.de\/index.php?rest_route=\/wp\/v2\/posts\/6378\/revisions\/6379"}],"wp:attachment":[{"href":"https:\/\/www.feuerwehrkostheim.de\/index.php?rest_route=%2Fwp%2Fv2%2Fmedia&parent=6378"}],"wp:term":[{"taxonomy":"category","embeddable":true,"href":"https:\/\/www.feuerwehrkostheim.de\/index.php?rest_route=%2Fwp%2Fv2%2Fcategories&post=6378"},{"taxonomy":"post_tag","embeddable":true,"href":"https:\/\/www.feuerwehrkostheim.de\/index.php?rest_route=%2Fwp%2Fv2%2Ftags&post=6378"}],"curies":[{"name":"wp","href":"https:\/\/api.w.org\/{rel}","templated":true}]}}