{"id":6350,"date":"2022-03-22T14:45:25","date_gmt":"2022-03-22T13:45:25","guid":{"rendered":"https:\/\/www.feuerwehrkostheim.de\/?p=6350"},"modified":"2022-03-22T14:49:36","modified_gmt":"2022-03-22T13:49:36","slug":"gemeldeter-gartenhuettenbrand","status":"publish","type":"post","link":"https:\/\/www.feuerwehrkostheim.de\/?p=6350","title":{"rendered":"Gemeldeter Gartenh\u00fcttenbrand"},"content":{"rendered":"<p><img loading=\"lazy\" decoding=\"async\" class=\"alignleft\" title=\"Einsatz-Logo\" src=\"https:\/\/www.feuerwehrkostheim.de\/wp-content\/bilder\/sonstige\/logo_einsatz.jpg\" alt=\"Einsatz-Logo\" width=\"100\" height=\"100\" \/><strong>21. M\u00e4rz 2022 &#8211; 15:05 Uhr<\/strong><br \/>\n<strong>Am He\u00dflerweg<\/strong><br \/>\nF 1 L-WASSER \/ Alarmgruppe mit FF-Kastel<br \/>\nEinsatz 16 &#8211; 2022<\/p>\n<p>Die Kostheimer Wehr r\u00fcckte am Montagnachmittag zu einem gemeldeten Gartenh\u00fcttenbrand in den He\u00dflerweg aus. Zwar konnten die anr\u00fcckenden Kr\u00e4fte, zu denen auch die Berufsfeuerwehr sowie die FF Kastel z\u00e4hlte, eine leichte Rauchentwicklung feststellen, die n\u00e4here Erkundung ergab aber, dass es sich um einen gewollten und bewachten Abbrand von Gr\u00fcnabf\u00e4llen handelte. Der Einsatz der Feuerwehr war nach wenigen Minuten beendet und man r\u00fcckte wieder ein.<\/p>\n","protected":false},"excerpt":{"rendered":"<p>21. M\u00e4rz 2022 &#8211; 15:05 Uhr Am He\u00dflerweg F 1 L-WASSER \/ Alarmgruppe mit FF-Kastel Einsatz 16 &#8211; 2022 Die Kostheimer Wehr r\u00fcckte am Montagnachmittag zu einem gemeldeten Gartenh\u00fcttenbrand in den He\u00dflerweg aus. Zwar konnten die anr\u00fcckenden Kr\u00e4fte, zu denen auch die Berufsfeuerwehr sowie die FF Kastel z\u00e4hlte, eine leichte Rauchentwicklung feststellen, die n\u00e4here Erkundung [&hellip;]<\/p>\n","protected":false},"author":1,"featured_media":0,"comment_status":"closed","ping_status":"open","sticky":false,"template":"","format":"standard","meta":{"_et_pb_use_builder":"","_et_pb_old_content":"","_et_gb_content_width":"","_crdt_document":"","footnotes":""},"categories":[5],"tags":[110,112,1342,113,60,111],"class_list":["post-6350","post","type-post","status-publish","format-standard","hentry","category-einsatze","tag-alarmgruppe","tag-brandverdacht","tag-f1l-wasser","tag-fehlalarm","tag-gartenhutte","tag-rauchentwicklung"],"_links":{"self":[{"href":"https:\/\/www.feuerwehrkostheim.de\/index.php?rest_route=\/wp\/v2\/posts\/6350","targetHints":{"allow":["GET"]}}],"collection":[{"href":"https:\/\/www.feuerwehrkostheim.de\/index.php?rest_route=\/wp\/v2\/posts"}],"about":[{"href":"https:\/\/www.feuerwehrkostheim.de\/index.php?rest_route=\/wp\/v2\/types\/post"}],"author":[{"embeddable":true,"href":"https:\/\/www.feuerwehrkostheim.de\/index.php?rest_route=\/wp\/v2\/users\/1"}],"replies":[{"embeddable":true,"href":"https:\/\/www.feuerwehrkostheim.de\/index.php?rest_route=%2Fwp%2Fv2%2Fcomments&post=6350"}],"version-history":[{"count":2,"href":"https:\/\/www.feuerwehrkostheim.de\/index.php?rest_route=\/wp\/v2\/posts\/6350\/revisions"}],"predecessor-version":[{"id":6352,"href":"https:\/\/www.feuerwehrkostheim.de\/index.php?rest_route=\/wp\/v2\/posts\/6350\/revisions\/6352"}],"wp:attachment":[{"href":"https:\/\/www.feuerwehrkostheim.de\/index.php?rest_route=%2Fwp%2Fv2%2Fmedia&parent=6350"}],"wp:term":[{"taxonomy":"category","embeddable":true,"href":"https:\/\/www.feuerwehrkostheim.de\/index.php?rest_route=%2Fwp%2Fv2%2Fcategories&post=6350"},{"taxonomy":"post_tag","embeddable":true,"href":"https:\/\/www.feuerwehrkostheim.de\/index.php?rest_route=%2Fwp%2Fv2%2Ftags&post=6350"}],"curies":[{"name":"wp","href":"https:\/\/api.w.org\/{rel}","templated":true}]}}