{"id":6340,"date":"2022-03-07T16:29:05","date_gmt":"2022-03-07T15:29:05","guid":{"rendered":"https:\/\/www.feuerwehrkostheim.de\/?p=6340"},"modified":"2022-03-07T16:37:06","modified_gmt":"2022-03-07T15:37:06","slug":"brand-einer-kleinen-motoryacht-endet-in-einer-tragoedie","status":"publish","type":"post","link":"https:\/\/www.feuerwehrkostheim.de\/?p=6340","title":{"rendered":"Brand einer kleinen Motoryacht endet in einer Trag\u00f6die"},"content":{"rendered":"<p><img loading=\"lazy\" decoding=\"async\" class=\"alignleft\" title=\"Einsatz-Logo\" src=\"https:\/\/www.feuerwehrkostheim.de\/wp-content\/bilder\/sonstige\/logo_einsatz.jpg\" alt=\"Einsatz-Logo\" width=\"100\" height=\"100\" \/><strong>06. M\u00e4rz 2022 &#8211; 08:31 Uhr<\/strong><br \/>\n<strong>Osthafen Schierstein<\/strong><br \/>\nF SCHIFF 1<br \/>\nEinsatz 14 &#8211; 2022<\/p>\n<p><a href=\"https:\/\/www.feuerwehrkostheim.de\/wp-content\/uploads\/2022\/03\/2022-03-06-Bootsbrand-Schierstein-scaled.jpg\"><img loading=\"lazy\" decoding=\"async\" class=\"alignright size-medium wp-image-6339\" style=\"border: 4px solid #D8D8D8;\" src=\"https:\/\/www.feuerwehrkostheim.de\/wp-content\/uploads\/2022\/03\/2022-03-06-Bootsbrand-Schierstein-300x225.jpg\" width=\"300\" height=\"225\" srcset=\"https:\/\/www.feuerwehrkostheim.de\/wp-content\/uploads\/2022\/03\/2022-03-06-Bootsbrand-Schierstein-300x225.jpg 300w, https:\/\/www.feuerwehrkostheim.de\/wp-content\/uploads\/2022\/03\/2022-03-06-Bootsbrand-Schierstein-1024x768.jpg 1024w, https:\/\/www.feuerwehrkostheim.de\/wp-content\/uploads\/2022\/03\/2022-03-06-Bootsbrand-Schierstein-768x576.jpg 768w, https:\/\/www.feuerwehrkostheim.de\/wp-content\/uploads\/2022\/03\/2022-03-06-Bootsbrand-Schierstein-1536x1152.jpg 1536w, https:\/\/www.feuerwehrkostheim.de\/wp-content\/uploads\/2022\/03\/2022-03-06-Bootsbrand-Schierstein-2048x1536.jpg 2048w, https:\/\/www.feuerwehrkostheim.de\/wp-content\/uploads\/2022\/03\/2022-03-06-Bootsbrand-Schierstein-610x458.jpg 610w\" sizes=\"(max-width: 300px) 100vw, 300px\" \/><\/a>Am Sonntagmorgen wurde die Kostheimer Feuerwehr zu einem Bootsbrand im Schiersteiner Hafen alarmiert. Parallel waren auch die Berufsfeuerwehr, die Freiwillige Feuerwehr Schierstein sowie die DLRG`en der Rheinfront in den Osthafen entsendet worden. Die ersteintreffenden Kr\u00e4fte fanden eine in Vollbrand stehende 5,50 Meter Motoryacht vor. Parallel zu den L\u00f6scharbeiten wurde eine Person aus dem Hafenbecken gerettet und dem Rettungsdienst \u00fcbergeben. Leider stellte sich im Verlauf des Einsatzes heraus, dass f\u00fcr ein 7-j\u00e4hriges Kind jede Hilfe zu sp\u00e4t kam.<\/p>\n<p>Die Kameraden aus Kostheim, standen zeitweise zur Absicherung der Einsatzkr\u00e4fte wasserseitig in Bereitschaft, bevor sie nach etwa einer Stunde wieder einr\u00fccken konnten.<\/p>\n<p>Die Kriminalpolizei hat die weiteren Ermittlungen aufgenommen.<\/p>\n<p>Unser Mitgef\u00fchl gilt der Familie des verstorbenen Kindes, die einen schmerzlichen Verlust hinnehmen m\u00fcssen.<\/p>\n","protected":false},"excerpt":{"rendered":"<p>06. M\u00e4rz 2022 &#8211; 08:31 Uhr Osthafen Schierstein F SCHIFF 1 Einsatz 14 &#8211; 2022 Am Sonntagmorgen wurde die Kostheimer Feuerwehr zu einem Bootsbrand im Schiersteiner Hafen alarmiert. Parallel waren auch die Berufsfeuerwehr, die Freiwillige Feuerwehr Schierstein sowie die DLRG`en der Rheinfront in den Osthafen entsendet worden. Die ersteintreffenden Kr\u00e4fte fanden eine in Vollbrand stehende [&hellip;]<\/p>\n","protected":false},"author":1,"featured_media":0,"comment_status":"closed","ping_status":"open","sticky":false,"template":"","format":"standard","meta":{"_et_pb_use_builder":"","_et_pb_old_content":"","_et_gb_content_width":"","_crdt_document":"","footnotes":""},"categories":[5],"tags":[31,1315,151,245,1491,74],"class_list":["post-6340","post","type-post","status-publish","format-standard","hentry","category-einsatze","tag-feuer","tag-fschiff1","tag-hafen","tag-schierstein","tag-schiff","tag-todlich"],"_links":{"self":[{"href":"https:\/\/www.feuerwehrkostheim.de\/index.php?rest_route=\/wp\/v2\/posts\/6340","targetHints":{"allow":["GET"]}}],"collection":[{"href":"https:\/\/www.feuerwehrkostheim.de\/index.php?rest_route=\/wp\/v2\/posts"}],"about":[{"href":"https:\/\/www.feuerwehrkostheim.de\/index.php?rest_route=\/wp\/v2\/types\/post"}],"author":[{"embeddable":true,"href":"https:\/\/www.feuerwehrkostheim.de\/index.php?rest_route=\/wp\/v2\/users\/1"}],"replies":[{"embeddable":true,"href":"https:\/\/www.feuerwehrkostheim.de\/index.php?rest_route=%2Fwp%2Fv2%2Fcomments&post=6340"}],"version-history":[{"count":3,"href":"https:\/\/www.feuerwehrkostheim.de\/index.php?rest_route=\/wp\/v2\/posts\/6340\/revisions"}],"predecessor-version":[{"id":6343,"href":"https:\/\/www.feuerwehrkostheim.de\/index.php?rest_route=\/wp\/v2\/posts\/6340\/revisions\/6343"}],"wp:attachment":[{"href":"https:\/\/www.feuerwehrkostheim.de\/index.php?rest_route=%2Fwp%2Fv2%2Fmedia&parent=6340"}],"wp:term":[{"taxonomy":"category","embeddable":true,"href":"https:\/\/www.feuerwehrkostheim.de\/index.php?rest_route=%2Fwp%2Fv2%2Fcategories&post=6340"},{"taxonomy":"post_tag","embeddable":true,"href":"https:\/\/www.feuerwehrkostheim.de\/index.php?rest_route=%2Fwp%2Fv2%2Ftags&post=6340"}],"curies":[{"name":"wp","href":"https:\/\/api.w.org\/{rel}","templated":true}]}}