{"id":634,"date":"2012-01-21T14:46:33","date_gmt":"2012-01-21T13:46:33","guid":{"rendered":"http:\/\/www.feuerwehrkostheim.de\/ffk\/?p=634"},"modified":"2018-06-02T14:06:51","modified_gmt":"2018-06-02T13:06:51","slug":"basis-lf-festgefahren-wachbesetzung-auf-der-feuewache-2","status":"publish","type":"post","link":"https:\/\/www.feuerwehrkostheim.de\/?p=634","title":{"rendered":"Basis-LF festgefahren &#8211; Wachbesetzung auf der Feuerwache 2"},"content":{"rendered":"<p><img loading=\"lazy\" decoding=\"async\" class=\"alignleft\" title=\"Einsatz-Logo\" src=\"http:\/\/www.feuerwehrkostheim.de\/ffk\/wp-content\/bilder\/sonstige\/logo_einsatz.jpg\" alt=\"Einsatz-Logo\" width=\"100\" height=\"100\" \/><strong>20. Januar 2012 &#8211; 22:58 Uhr<\/strong><br \/>\n<strong>Feuerwache 2<\/strong><br \/>\nEinzelfahrzeugalarmierung<br \/>\nEinsatz 04 &#8211; 2012<\/p>\n<p>Da sich das Basis-LF der Berufsfeuerwehr nach einem Gartenhausbrand in Kastel auf einem unbefestigten Untergrund festgefahren hatte und somit bis zur endg\u00fcltigen Befreiung aus dem Morast\u00e4hnlichen Boden nicht einsatzf\u00e4hig war, wurde das LF der Kostheimer Wehr zur Wachbesetzung der Wache 2 in Kastel angefordert. Gegen 02 Uhr war das Basis-LF aus seiner misslichen Lage befreit und die Kameraden aus Kostheim konnten den Nachhauseweg antreten. Die Einsatzbereitschaft auf der Feuerwache verlief ohne Einsatz sehr ruhig.<\/p>\n","protected":false},"excerpt":{"rendered":"<p>20. Januar 2012 &#8211; 22:58 Uhr Feuerwache 2 Einzelfahrzeugalarmierung Einsatz 04 &#8211; 2012 Da sich das Basis-LF der Berufsfeuerwehr nach einem Gartenhausbrand in Kastel auf einem unbefestigten Untergrund festgefahren hatte und somit bis zur endg\u00fcltigen Befreiung aus dem Morast\u00e4hnlichen Boden nicht einsatzf\u00e4hig war, wurde das LF der Kostheimer Wehr zur Wachbesetzung der Wache 2 in [&hellip;]<\/p>\n","protected":false},"author":1,"featured_media":0,"comment_status":"closed","ping_status":"open","sticky":false,"template":"","format":"standard","meta":{"_et_pb_use_builder":"","_et_pb_old_content":"","_et_gb_content_width":"","_crdt_document":"","footnotes":""},"categories":[5],"tags":[283,243],"class_list":["post-634","post","type-post","status-publish","format-standard","hentry","category-einsatze","tag-feuewache-2","tag-wachbesetzung"],"_links":{"self":[{"href":"https:\/\/www.feuerwehrkostheim.de\/index.php?rest_route=\/wp\/v2\/posts\/634","targetHints":{"allow":["GET"]}}],"collection":[{"href":"https:\/\/www.feuerwehrkostheim.de\/index.php?rest_route=\/wp\/v2\/posts"}],"about":[{"href":"https:\/\/www.feuerwehrkostheim.de\/index.php?rest_route=\/wp\/v2\/types\/post"}],"author":[{"embeddable":true,"href":"https:\/\/www.feuerwehrkostheim.de\/index.php?rest_route=\/wp\/v2\/users\/1"}],"replies":[{"embeddable":true,"href":"https:\/\/www.feuerwehrkostheim.de\/index.php?rest_route=%2Fwp%2Fv2%2Fcomments&post=634"}],"version-history":[{"count":0,"href":"https:\/\/www.feuerwehrkostheim.de\/index.php?rest_route=\/wp\/v2\/posts\/634\/revisions"}],"wp:attachment":[{"href":"https:\/\/www.feuerwehrkostheim.de\/index.php?rest_route=%2Fwp%2Fv2%2Fmedia&parent=634"}],"wp:term":[{"taxonomy":"category","embeddable":true,"href":"https:\/\/www.feuerwehrkostheim.de\/index.php?rest_route=%2Fwp%2Fv2%2Fcategories&post=634"},{"taxonomy":"post_tag","embeddable":true,"href":"https:\/\/www.feuerwehrkostheim.de\/index.php?rest_route=%2Fwp%2Fv2%2Ftags&post=634"}],"curies":[{"name":"wp","href":"https:\/\/api.w.org\/{rel}","templated":true}]}}