{"id":6334,"date":"2022-02-24T15:25:35","date_gmt":"2022-02-24T14:25:35","guid":{"rendered":"https:\/\/www.feuerwehrkostheim.de\/?p=6334"},"modified":"2022-02-24T15:29:07","modified_gmt":"2022-02-24T14:29:07","slug":"gemeldete-rauchentwicklung-in-der-hallgarter-strasse","status":"publish","type":"post","link":"https:\/\/www.feuerwehrkostheim.de\/?p=6334","title":{"rendered":"Gemeldete Rauchentwicklung in der Hallgarter Stra\u00dfe"},"content":{"rendered":"<p><img loading=\"lazy\" decoding=\"async\" class=\"alignleft\" title=\"Einsatz-Logo\" src=\"https:\/\/www.feuerwehrkostheim.de\/wp-content\/bilder\/sonstige\/logo_einsatz.jpg\" alt=\"Einsatz-Logo\" width=\"100\" height=\"100\" \/><strong>23. Februar 2022 &#8211; 19:13 Uhr<\/strong><br \/>\n<strong>Hallgarter Stra\u00dfe<\/strong><br \/>\nF 1<br \/>\nEinsatz 13 &#8211; 2022<\/p>\n<p>Nach einem schon einsatzreichen Nachmittag wurden die Pager der Feuerwehr Kostheim am Mittwochabend zum vierten Mal an diesem Tag ausgel\u00f6st. Dieses Mal war eine Rauchentwicklung im Bereich Hallgarter Stra\u00dfe Ecke Eichenstra\u00dfe gemeldet. Zusammen mit dem Basis-L\u00f6schfahrzeug der Feuerwache 2 fuhr man die gemeldete Stelle an. Da man auf Anhieb nichts feststellen konnte, kontrolliere man noch den angrenzenden Bereich gro\u00dffl\u00e4chig und brach den Einsatz aber nach kurzer, erfolgloser Suche ab. Vermutlich handelte es sich um Rauchniederschlag aus einem Kamin.<\/p>\n","protected":false},"excerpt":{"rendered":"<p>23. Februar 2022 &#8211; 19:13 Uhr Hallgarter Stra\u00dfe F 1 Einsatz 13 &#8211; 2022 Nach einem schon einsatzreichen Nachmittag wurden die Pager der Feuerwehr Kostheim am Mittwochabend zum vierten Mal an diesem Tag ausgel\u00f6st. Dieses Mal war eine Rauchentwicklung im Bereich Hallgarter Stra\u00dfe Ecke Eichenstra\u00dfe gemeldet. Zusammen mit dem Basis-L\u00f6schfahrzeug der Feuerwache 2 fuhr man [&hellip;]<\/p>\n","protected":false},"author":2,"featured_media":0,"comment_status":"closed","ping_status":"open","sticky":false,"template":"","format":"standard","meta":{"_et_pb_use_builder":"","_et_pb_old_content":"","_et_gb_content_width":"","_crdt_document":"","footnotes":""},"categories":[5],"tags":[112,1262,113,111],"class_list":["post-6334","post","type-post","status-publish","format-standard","hentry","category-einsatze","tag-brandverdacht","tag-f1","tag-fehlalarm","tag-rauchentwicklung"],"_links":{"self":[{"href":"https:\/\/www.feuerwehrkostheim.de\/index.php?rest_route=\/wp\/v2\/posts\/6334","targetHints":{"allow":["GET"]}}],"collection":[{"href":"https:\/\/www.feuerwehrkostheim.de\/index.php?rest_route=\/wp\/v2\/posts"}],"about":[{"href":"https:\/\/www.feuerwehrkostheim.de\/index.php?rest_route=\/wp\/v2\/types\/post"}],"author":[{"embeddable":true,"href":"https:\/\/www.feuerwehrkostheim.de\/index.php?rest_route=\/wp\/v2\/users\/2"}],"replies":[{"embeddable":true,"href":"https:\/\/www.feuerwehrkostheim.de\/index.php?rest_route=%2Fwp%2Fv2%2Fcomments&post=6334"}],"version-history":[{"count":3,"href":"https:\/\/www.feuerwehrkostheim.de\/index.php?rest_route=\/wp\/v2\/posts\/6334\/revisions"}],"predecessor-version":[{"id":6337,"href":"https:\/\/www.feuerwehrkostheim.de\/index.php?rest_route=\/wp\/v2\/posts\/6334\/revisions\/6337"}],"wp:attachment":[{"href":"https:\/\/www.feuerwehrkostheim.de\/index.php?rest_route=%2Fwp%2Fv2%2Fmedia&parent=6334"}],"wp:term":[{"taxonomy":"category","embeddable":true,"href":"https:\/\/www.feuerwehrkostheim.de\/index.php?rest_route=%2Fwp%2Fv2%2Fcategories&post=6334"},{"taxonomy":"post_tag","embeddable":true,"href":"https:\/\/www.feuerwehrkostheim.de\/index.php?rest_route=%2Fwp%2Fv2%2Ftags&post=6334"}],"curies":[{"name":"wp","href":"https:\/\/api.w.org\/{rel}","templated":true}]}}