{"id":6330,"date":"2022-02-24T15:16:57","date_gmt":"2022-02-24T14:16:57","guid":{"rendered":"https:\/\/www.feuerwehrkostheim.de\/?p=6330"},"modified":"2022-02-24T15:23:32","modified_gmt":"2022-02-24T14:23:32","slug":"hohes-einsatzaufkommen-in-wiesbaden-wachbesetzung-am-feuerwehrgeraetehaus","status":"publish","type":"post","link":"https:\/\/www.feuerwehrkostheim.de\/?p=6330","title":{"rendered":"Hohes Einsatzaufkommen in Wiesbaden &#8211; Wachbesetzung am Feuerwehrger\u00e4tehaus"},"content":{"rendered":"<p><img loading=\"lazy\" decoding=\"async\" class=\"alignleft\" title=\"Einsatz-Logo\" src=\"https:\/\/www.feuerwehrkostheim.de\/wp-content\/bilder\/sonstige\/logo_einsatz.jpg\" alt=\"Einsatz-Logo\" width=\"100\" height=\"100\" \/><strong>23. Februar 2022 &#8211; 17:37 Uhr<\/strong><br \/>\n<strong>Feuerwehrger\u00e4tehaus \/ Wachbereich 2<\/strong><br \/>\nS WB<br \/>\nEinsatz 12 &#8211; 2022<\/p>\n<p>Nachdem ein Teil der Kameraden nach dem Einsatz auf dem Main noch die Bereitschaft bis gegen 17:30 Uhr im Feuerwehrger\u00e4tehaus aufrechterhalten hatten, wurde die Kostheimer Wehr nur wenige Minuten sp\u00e4ter erneut alarmiert. Aufgrund diverser Paralleleins\u00e4tze im Wiesbadener Stadtgebiet musste f\u00fcr den Wachbezirk 2 die Bereitschaft hergestellt werden, um im Notfall ohne weitere Zeitverz\u00f6gerung ausr\u00fccken zu k\u00f6nnen. F\u00fcr gut eine Stunde besetzten die Wehrleute aus Kostheim ihre Fahrzeuge am eigenen Feuerwehrger\u00e4tehaus, mussten jedoch zu keinem weiteren Einsatz \u2013 zumindest vorerst \u2013 ausr\u00fccken. W\u00e4hrend die Bootsbesatzung weiterhin in Schierstein t\u00e4tig war, konnte kurz vor 19 Uhr zumindest dieser Einsatz beendet werden.<\/p>\n","protected":false},"excerpt":{"rendered":"<p>23. Februar 2022 &#8211; 17:37 Uhr Feuerwehrger\u00e4tehaus \/ Wachbereich 2 S WB Einsatz 12 &#8211; 2022 Nachdem ein Teil der Kameraden nach dem Einsatz auf dem Main noch die Bereitschaft bis gegen 17:30 Uhr im Feuerwehrger\u00e4tehaus aufrechterhalten hatten, wurde die Kostheimer Wehr nur wenige Minuten sp\u00e4ter erneut alarmiert. Aufgrund diverser Paralleleins\u00e4tze im Wiesbadener Stadtgebiet musste [&hellip;]<\/p>\n","protected":false},"author":2,"featured_media":0,"comment_status":"closed","ping_status":"open","sticky":false,"template":"","format":"standard","meta":{"_et_pb_use_builder":"","_et_pb_old_content":"","_et_gb_content_width":"","_crdt_document":"","footnotes":""},"categories":[5],"tags":[993,20,1305,243],"class_list":["post-6330","post","type-post","status-publish","format-standard","hentry","category-einsatze","tag-feuerwache","tag-geratehaus","tag-swb","tag-wachbesetzung"],"_links":{"self":[{"href":"https:\/\/www.feuerwehrkostheim.de\/index.php?rest_route=\/wp\/v2\/posts\/6330","targetHints":{"allow":["GET"]}}],"collection":[{"href":"https:\/\/www.feuerwehrkostheim.de\/index.php?rest_route=\/wp\/v2\/posts"}],"about":[{"href":"https:\/\/www.feuerwehrkostheim.de\/index.php?rest_route=\/wp\/v2\/types\/post"}],"author":[{"embeddable":true,"href":"https:\/\/www.feuerwehrkostheim.de\/index.php?rest_route=\/wp\/v2\/users\/2"}],"replies":[{"embeddable":true,"href":"https:\/\/www.feuerwehrkostheim.de\/index.php?rest_route=%2Fwp%2Fv2%2Fcomments&post=6330"}],"version-history":[{"count":1,"href":"https:\/\/www.feuerwehrkostheim.de\/index.php?rest_route=\/wp\/v2\/posts\/6330\/revisions"}],"predecessor-version":[{"id":6333,"href":"https:\/\/www.feuerwehrkostheim.de\/index.php?rest_route=\/wp\/v2\/posts\/6330\/revisions\/6333"}],"wp:attachment":[{"href":"https:\/\/www.feuerwehrkostheim.de\/index.php?rest_route=%2Fwp%2Fv2%2Fmedia&parent=6330"}],"wp:term":[{"taxonomy":"category","embeddable":true,"href":"https:\/\/www.feuerwehrkostheim.de\/index.php?rest_route=%2Fwp%2Fv2%2Fcategories&post=6330"},{"taxonomy":"post_tag","embeddable":true,"href":"https:\/\/www.feuerwehrkostheim.de\/index.php?rest_route=%2Fwp%2Fv2%2Ftags&post=6330"}],"curies":[{"name":"wp","href":"https:\/\/api.w.org\/{rel}","templated":true}]}}