{"id":6307,"date":"2022-02-13T15:02:08","date_gmt":"2022-02-13T14:02:08","guid":{"rendered":"https:\/\/www.feuerwehrkostheim.de\/?p=6307"},"modified":"2022-02-15T15:04:05","modified_gmt":"2022-02-15T14:04:05","slug":"brand-in-einer-absauganlage","status":"publish","type":"post","link":"https:\/\/www.feuerwehrkostheim.de\/?p=6307","title":{"rendered":"Brand in einer Absauganlage"},"content":{"rendered":"<p><img loading=\"lazy\" decoding=\"async\" class=\"alignleft\" title=\"Einsatz-Logo\" src=\"https:\/\/www.feuerwehrkostheim.de\/wp-content\/bilder\/sonstige\/logo_einsatz.jpg\" alt=\"Einsatz-Logo\" width=\"100\" height=\"100\" \/><strong>11. Februar 2022 &#8211; 22:26 Uhr<\/strong><br \/>\n<strong>Kommerzienrat-Disch-Br\u00fccke &#8211; Firma Essity<\/strong><br \/>\nF 2<br \/>\nEinsatz 06 &#8211; 2022<\/p>\n<p>Am sp\u00e4ten Freitagabend sorgte ein Brand in der Absauganlage einer Maschine f\u00fcr einen Feuerwehreinsatz. Neben der Werkfeuerwehr waren der L\u00f6schzug der Berufsfeuerwehr sowie die Kostheimer Feuerwehr in den Einsatz eingebunden. Die Kameraden aus Kastel, die ebenfalls anger\u00fcckt waren, konnten kurze Zeit sp\u00e4ter wieder einr\u00fccken, \u00fcbernahmen jedoch die Einsatzbereitschaft im Ger\u00e4tehaus, bis die Arbeiten im Papierwerk abgeschlossen waren. Durch die vor Ort t\u00e4tigen Feuerwehren wurden diverse Revisions\u00f6ffnungen in der Absaugleitung ge\u00f6ffnet und die Glutnester abgel\u00f6scht. Nachdem sichergestellt war, dass sich keine versteckten Glutherde mehr in dem Anlagenteil befanden, konnte der Einsatz der \u00f6ffentlichen Feuerwehren beendet werden.<\/p>\n","protected":false},"excerpt":{"rendered":"<p>11. Februar 2022 &#8211; 22:26 Uhr Kommerzienrat-Disch-Br\u00fccke &#8211; Firma Essity F 2 Einsatz 06 &#8211; 2022 Am sp\u00e4ten Freitagabend sorgte ein Brand in der Absauganlage einer Maschine f\u00fcr einen Feuerwehreinsatz. Neben der Werkfeuerwehr waren der L\u00f6schzug der Berufsfeuerwehr sowie die Kostheimer Feuerwehr in den Einsatz eingebunden. Die Kameraden aus Kastel, die ebenfalls anger\u00fcckt waren, konnten [&hellip;]<\/p>\n","protected":false},"author":1,"featured_media":0,"comment_status":"closed","ping_status":"open","sticky":false,"template":"","format":"standard","meta":{"_et_pb_use_builder":"","_et_pb_old_content":"","_et_gb_content_width":"","_crdt_document":"","footnotes":""},"categories":[5],"tags":[633,44,50,1265,31,280,314],"class_list":["post-6307","post","type-post","status-publish","format-standard","hentry","category-einsatze","tag-absaugung","tag-atemschutz","tag-brand","tag-f2","tag-feuer","tag-glutnest","tag-nachloscharbeiten"],"_links":{"self":[{"href":"https:\/\/www.feuerwehrkostheim.de\/index.php?rest_route=\/wp\/v2\/posts\/6307","targetHints":{"allow":["GET"]}}],"collection":[{"href":"https:\/\/www.feuerwehrkostheim.de\/index.php?rest_route=\/wp\/v2\/posts"}],"about":[{"href":"https:\/\/www.feuerwehrkostheim.de\/index.php?rest_route=\/wp\/v2\/types\/post"}],"author":[{"embeddable":true,"href":"https:\/\/www.feuerwehrkostheim.de\/index.php?rest_route=\/wp\/v2\/users\/1"}],"replies":[{"embeddable":true,"href":"https:\/\/www.feuerwehrkostheim.de\/index.php?rest_route=%2Fwp%2Fv2%2Fcomments&post=6307"}],"version-history":[{"count":2,"href":"https:\/\/www.feuerwehrkostheim.de\/index.php?rest_route=\/wp\/v2\/posts\/6307\/revisions"}],"predecessor-version":[{"id":6310,"href":"https:\/\/www.feuerwehrkostheim.de\/index.php?rest_route=\/wp\/v2\/posts\/6307\/revisions\/6310"}],"wp:attachment":[{"href":"https:\/\/www.feuerwehrkostheim.de\/index.php?rest_route=%2Fwp%2Fv2%2Fmedia&parent=6307"}],"wp:term":[{"taxonomy":"category","embeddable":true,"href":"https:\/\/www.feuerwehrkostheim.de\/index.php?rest_route=%2Fwp%2Fv2%2Fcategories&post=6307"},{"taxonomy":"post_tag","embeddable":true,"href":"https:\/\/www.feuerwehrkostheim.de\/index.php?rest_route=%2Fwp%2Fv2%2Ftags&post=6307"}],"curies":[{"name":"wp","href":"https:\/\/api.w.org\/{rel}","templated":true}]}}