{"id":6294,"date":"2022-01-31T19:48:17","date_gmt":"2022-01-31T18:48:17","guid":{"rendered":"https:\/\/www.feuerwehrkostheim.de\/?p=6294"},"modified":"2022-01-31T19:50:35","modified_gmt":"2022-01-31T18:50:35","slug":"drei-schwerverletzte-bei-verkehrsunfall","status":"publish","type":"post","link":"https:\/\/www.feuerwehrkostheim.de\/?p=6294","title":{"rendered":"Drei Schwerverletzte bei Verkehrsunfall"},"content":{"rendered":"<p><img loading=\"lazy\" decoding=\"async\" class=\"alignleft\" title=\"Einsatz-Logo\" src=\"https:\/\/www.feuerwehrkostheim.de\/wp-content\/bilder\/sonstige\/logo_einsatz.jpg\" alt=\"Einsatz-Logo\" width=\"100\" height=\"100\" \/><strong>28. Januar 2022 &#8211; 11:45 Uhr<\/strong><br \/>\n<strong>Kostheimer Landstra\u00dfe<\/strong><br \/>\nH 2 Y \u00a0\/ Alarmgruppe mit FF-Kastel<br \/>\nEinsatz 04 &#8211; 2022<\/p>\n<p><a href=\"https:\/\/www.feuerwehrkostheim.de\/wp-content\/uploads\/2022\/01\/2022-01-28-VU-1.jpg\"><img loading=\"lazy\" decoding=\"async\" class=\"alignright size-medium wp-image-6296\" style=\"border: 4px solid #D8D8D8;\" src=\"https:\/\/www.feuerwehrkostheim.de\/wp-content\/uploads\/2022\/01\/2022-01-28-VU-1-300x225.jpg\" width=\"300\" height=\"225\" srcset=\"https:\/\/www.feuerwehrkostheim.de\/wp-content\/uploads\/2022\/01\/2022-01-28-VU-1-300x225.jpg 300w, https:\/\/www.feuerwehrkostheim.de\/wp-content\/uploads\/2022\/01\/2022-01-28-VU-1-1024x768.jpg 1024w, https:\/\/www.feuerwehrkostheim.de\/wp-content\/uploads\/2022\/01\/2022-01-28-VU-1-768x576.jpg 768w, https:\/\/www.feuerwehrkostheim.de\/wp-content\/uploads\/2022\/01\/2022-01-28-VU-1-610x458.jpg 610w, https:\/\/www.feuerwehrkostheim.de\/wp-content\/uploads\/2022\/01\/2022-01-28-VU-1-400x300.jpg 400w, https:\/\/www.feuerwehrkostheim.de\/wp-content\/uploads\/2022\/01\/2022-01-28-VU-1.jpg 1500w\" sizes=\"(max-width: 300px) 100vw, 300px\" \/><\/a><\/p>\n<p>Am Freitagvormittag ereignete sich ein folgenschwerer Verkehrsunfall in der Kostheimer Landstra\u00dfe in H\u00f6he der Einkaufsm\u00e4rkte, an dem zwei PKW beteiligt waren. Polizeiangaben zur Folge \u00fcbersah der Fahrer eines Fahrzeuges beim Linksabbiegen ein entgegenkommendes Auto wodurch es zur Kollision kam. Insgesamt wurden 3 Personen schwer aber zum Gl\u00fcck nicht lebensgef\u00e4hrlich verletzt und mussten nach der Erstbehandlung vor Ort in Krankenh\u00e4user eingeliefert werden. Neben einem Gro\u00dfaufgebot an Rettungsmittel waren auch die Berufsfeuerwehr sowie die Freiwilligen Wehren aus Kostheim und Kastel zu dem Einsatz alarmiert. Die Kameraden aus Kostheim \u00fcbernahmen den Brandschutz bei den verunfallten PKW`s. Die Kostheimer Landstra\u00dfe war f\u00fcr etwa zwei Stunden in dem Bereich voll gesperrt.<\/p>\n","protected":false},"excerpt":{"rendered":"<p>28. Januar 2022 &#8211; 11:45 Uhr Kostheimer Landstra\u00dfe H 2 Y \u00a0\/ Alarmgruppe mit FF-Kastel Einsatz 04 &#8211; 2022 Am Freitagvormittag ereignete sich ein folgenschwerer Verkehrsunfall in der Kostheimer Landstra\u00dfe in H\u00f6he der Einkaufsm\u00e4rkte, an dem zwei PKW beteiligt waren. Polizeiangaben zur Folge \u00fcbersah der Fahrer eines Fahrzeuges beim Linksabbiegen ein entgegenkommendes Auto wodurch es [&hellip;]<\/p>\n","protected":false},"author":1,"featured_media":0,"comment_status":"closed","ping_status":"open","sticky":false,"template":"","format":"standard","meta":{"_et_pb_use_builder":"","_et_pb_old_content":"","_et_gb_content_width":"","_crdt_document":"","footnotes":""},"categories":[5],"tags":[110,1487,285,354,71,70],"class_list":["post-6294","post","type-post","status-publish","format-standard","hentry","category-einsatze","tag-alarmgruppe","tag-h2y","tag-rettungsdienst","tag-schwerverletzte","tag-verkehrsunfall","tag-vu"],"_links":{"self":[{"href":"https:\/\/www.feuerwehrkostheim.de\/index.php?rest_route=\/wp\/v2\/posts\/6294","targetHints":{"allow":["GET"]}}],"collection":[{"href":"https:\/\/www.feuerwehrkostheim.de\/index.php?rest_route=\/wp\/v2\/posts"}],"about":[{"href":"https:\/\/www.feuerwehrkostheim.de\/index.php?rest_route=\/wp\/v2\/types\/post"}],"author":[{"embeddable":true,"href":"https:\/\/www.feuerwehrkostheim.de\/index.php?rest_route=\/wp\/v2\/users\/1"}],"replies":[{"embeddable":true,"href":"https:\/\/www.feuerwehrkostheim.de\/index.php?rest_route=%2Fwp%2Fv2%2Fcomments&post=6294"}],"version-history":[{"count":6,"href":"https:\/\/www.feuerwehrkostheim.de\/index.php?rest_route=\/wp\/v2\/posts\/6294\/revisions"}],"predecessor-version":[{"id":6301,"href":"https:\/\/www.feuerwehrkostheim.de\/index.php?rest_route=\/wp\/v2\/posts\/6294\/revisions\/6301"}],"wp:attachment":[{"href":"https:\/\/www.feuerwehrkostheim.de\/index.php?rest_route=%2Fwp%2Fv2%2Fmedia&parent=6294"}],"wp:term":[{"taxonomy":"category","embeddable":true,"href":"https:\/\/www.feuerwehrkostheim.de\/index.php?rest_route=%2Fwp%2Fv2%2Fcategories&post=6294"},{"taxonomy":"post_tag","embeddable":true,"href":"https:\/\/www.feuerwehrkostheim.de\/index.php?rest_route=%2Fwp%2Fv2%2Ftags&post=6294"}],"curies":[{"name":"wp","href":"https:\/\/api.w.org\/{rel}","templated":true}]}}