{"id":6237,"date":"2022-01-03T19:57:11","date_gmt":"2022-01-03T18:57:11","guid":{"rendered":"https:\/\/www.feuerwehrkostheim.de\/?p=6237"},"modified":"2022-01-03T19:57:11","modified_gmt":"2022-01-03T18:57:11","slug":"zur-unterstuetzung-im-papierwerk-4","status":"publish","type":"post","link":"https:\/\/www.feuerwehrkostheim.de\/?p=6237","title":{"rendered":"Zur Unterst\u00fctzung im Papierwerk"},"content":{"rendered":"<p><img loading=\"lazy\" decoding=\"async\" class=\"alignleft\" title=\"Einsatz-Logo\" src=\"https:\/\/www.feuerwehrkostheim.de\/wp-content\/bilder\/sonstige\/logo_einsatz.jpg\" alt=\"Einsatz-Logo\" width=\"100\" height=\"100\" \/><strong>03. Januar 2022 &#8211; 09:54 Uhr<\/strong><br \/>\n<strong>Kommerzienrat-Disch-Br\u00fccke 1 &#8211; Fa. Essity<\/strong><br \/>\nF2 \/ Alarmgruppe mit FF-Kastel<br \/>\nEinsatz 02 &#8211; 2022<\/p>\n<p>Am Montagvormittag wurde die Kostheimer Feuerwehr zusammen mit den Kameraden aus Kastel sowie der L\u00f6schzug der Berufsfeuerwehr zu einem Einsatz im Papierwerk alarmiert. Eine festgestellte Rauchentwicklung im Bereich eines Kabelschachtes musste \u00fcberpr\u00fcft werden. Zusammen mit der ebenfalls anger\u00fcckten Werkfeuerwehr kontrollierte man die betroffenen sowie angrenzenden Bereiche. Als Ursache f\u00fcr die Rauchentwicklung konnte ein hei\u00df gelaufener Ventilator ausfindig gemacht werden. Der Einsatz war f\u00fcr die \u00f6ffentlichen Feuerwehren nach gut einer Stunde beendet.<\/p>\n","protected":false},"excerpt":{"rendered":"<p>03. Januar 2022 &#8211; 09:54 Uhr Kommerzienrat-Disch-Br\u00fccke 1 &#8211; Fa. Essity F2 \/ Alarmgruppe mit FF-Kastel Einsatz 02 &#8211; 2022 Am Montagvormittag wurde die Kostheimer Feuerwehr zusammen mit den Kameraden aus Kastel sowie der L\u00f6schzug der Berufsfeuerwehr zu einem Einsatz im Papierwerk alarmiert. Eine festgestellte Rauchentwicklung im Bereich eines Kabelschachtes musste \u00fcberpr\u00fcft werden. Zusammen mit [&hellip;]<\/p>\n","protected":false},"author":1,"featured_media":0,"comment_status":"closed","ping_status":"open","sticky":false,"template":"","format":"standard","meta":{"_et_pb_use_builder":"","_et_pb_old_content":"","_et_gb_content_width":"","_crdt_document":"","footnotes":""},"categories":[1],"tags":[110,112,1265,111],"class_list":["post-6237","post","type-post","status-publish","format-standard","hentry","category-allgemein","tag-alarmgruppe","tag-brandverdacht","tag-f2","tag-rauchentwicklung"],"_links":{"self":[{"href":"https:\/\/www.feuerwehrkostheim.de\/index.php?rest_route=\/wp\/v2\/posts\/6237","targetHints":{"allow":["GET"]}}],"collection":[{"href":"https:\/\/www.feuerwehrkostheim.de\/index.php?rest_route=\/wp\/v2\/posts"}],"about":[{"href":"https:\/\/www.feuerwehrkostheim.de\/index.php?rest_route=\/wp\/v2\/types\/post"}],"author":[{"embeddable":true,"href":"https:\/\/www.feuerwehrkostheim.de\/index.php?rest_route=\/wp\/v2\/users\/1"}],"replies":[{"embeddable":true,"href":"https:\/\/www.feuerwehrkostheim.de\/index.php?rest_route=%2Fwp%2Fv2%2Fcomments&post=6237"}],"version-history":[{"count":2,"href":"https:\/\/www.feuerwehrkostheim.de\/index.php?rest_route=\/wp\/v2\/posts\/6237\/revisions"}],"predecessor-version":[{"id":6239,"href":"https:\/\/www.feuerwehrkostheim.de\/index.php?rest_route=\/wp\/v2\/posts\/6237\/revisions\/6239"}],"wp:attachment":[{"href":"https:\/\/www.feuerwehrkostheim.de\/index.php?rest_route=%2Fwp%2Fv2%2Fmedia&parent=6237"}],"wp:term":[{"taxonomy":"category","embeddable":true,"href":"https:\/\/www.feuerwehrkostheim.de\/index.php?rest_route=%2Fwp%2Fv2%2Fcategories&post=6237"},{"taxonomy":"post_tag","embeddable":true,"href":"https:\/\/www.feuerwehrkostheim.de\/index.php?rest_route=%2Fwp%2Fv2%2Ftags&post=6237"}],"curies":[{"name":"wp","href":"https:\/\/api.w.org\/{rel}","templated":true}]}}