{"id":6233,"date":"2022-01-03T11:41:11","date_gmt":"2022-01-03T10:41:11","guid":{"rendered":"https:\/\/www.feuerwehrkostheim.de\/?p=6233"},"modified":"2022-01-03T11:42:20","modified_gmt":"2022-01-03T10:42:20","slug":"weihnachtsbaumsammlung-der-jugendfeuerwehr-kann-nicht-stattfinden","status":"publish","type":"post","link":"https:\/\/www.feuerwehrkostheim.de\/?p=6233","title":{"rendered":"Weihnachtsbaumsammlung der Jugendfeuerwehr kann nicht stattfinden"},"content":{"rendered":"<p><a href=\"https:\/\/www.feuerwehrkostheim.de\/wp-content\/uploads\/2022\/01\/2022_Weihnachtsbaumsammlung.jpg\" target=\"_blank\" rel=\"noopener\"><img loading=\"lazy\" decoding=\"async\" class=\"alignright wp-image-6232 size-medium\" style=\"border: 4px solid #D8D8D8;\" src=\"https:\/\/www.feuerwehrkostheim.de\/wp-content\/uploads\/2022\/01\/2022_Weihnachtsbaumsammlung-300x225.jpg\" width=\"300\" height=\"225\" srcset=\"https:\/\/www.feuerwehrkostheim.de\/wp-content\/uploads\/2022\/01\/2022_Weihnachtsbaumsammlung-300x225.jpg 300w, https:\/\/www.feuerwehrkostheim.de\/wp-content\/uploads\/2022\/01\/2022_Weihnachtsbaumsammlung-1024x768.jpg 1024w, https:\/\/www.feuerwehrkostheim.de\/wp-content\/uploads\/2022\/01\/2022_Weihnachtsbaumsammlung-768x576.jpg 768w, https:\/\/www.feuerwehrkostheim.de\/wp-content\/uploads\/2022\/01\/2022_Weihnachtsbaumsammlung.jpg 1500w\" sizes=\"(max-width: 300px) 100vw, 300px\" \/><\/a>Auch in diesem Jahr m\u00fcssen wir die f\u00fcr den 8. Januar 2022 geplante Weihnachtsbaumsammlung absagen.<\/p>\n<p>Aufgrund neuer Einschr\u00e4nkungen, gerade in unserem Bereich der kritischen Infrastruktur, ist das Einsammeln der ausgedienten Weihnachtsb\u00e4ume durch die Jugendfeuerwehr Kostheim leider nicht m\u00f6glich.<\/p>\n<p>Die ausgedienten Weihnachtsb\u00e4ume werden im Januar ausschlie\u00dflich durch die ELW eingesammelt. Wann die B\u00e4ume bei Ihnen abgeholt werden, k\u00f6nnen Sie \u00fcber Abfallkalender der ELW in Erfahrung bringen.<br \/>\n<a href=\"https:\/\/www.elw.de\/abfallkalender\" target=\"_blank\" rel=\"noopener\">https:\/\/www.elw.de\/abfallkalender<\/a><\/p>\n","protected":false},"excerpt":{"rendered":"<p>Auch in diesem Jahr m\u00fcssen wir die f\u00fcr den 8. Januar 2022 geplante Weihnachtsbaumsammlung absagen. Aufgrund neuer Einschr\u00e4nkungen, gerade in unserem Bereich der kritischen Infrastruktur, ist das Einsammeln der ausgedienten Weihnachtsb\u00e4ume durch die Jugendfeuerwehr Kostheim leider nicht m\u00f6glich. Die ausgedienten Weihnachtsb\u00e4ume werden im Januar ausschlie\u00dflich durch die ELW eingesammelt. Wann die B\u00e4ume bei Ihnen abgeholt [&hellip;]<\/p>\n","protected":false},"author":1,"featured_media":0,"comment_status":"closed","ping_status":"open","sticky":false,"template":"","format":"standard","meta":{"_et_pb_use_builder":"","_et_pb_old_content":"","_et_gb_content_width":"","_crdt_document":"","footnotes":""},"categories":[1],"tags":[1317,828,52],"class_list":["post-6233","post","type-post","status-publish","format-standard","hentry","category-allgemein","tag-absage","tag-jugendfeuerwehr","tag-weihnachtsbaumsammlung"],"_links":{"self":[{"href":"https:\/\/www.feuerwehrkostheim.de\/index.php?rest_route=\/wp\/v2\/posts\/6233","targetHints":{"allow":["GET"]}}],"collection":[{"href":"https:\/\/www.feuerwehrkostheim.de\/index.php?rest_route=\/wp\/v2\/posts"}],"about":[{"href":"https:\/\/www.feuerwehrkostheim.de\/index.php?rest_route=\/wp\/v2\/types\/post"}],"author":[{"embeddable":true,"href":"https:\/\/www.feuerwehrkostheim.de\/index.php?rest_route=\/wp\/v2\/users\/1"}],"replies":[{"embeddable":true,"href":"https:\/\/www.feuerwehrkostheim.de\/index.php?rest_route=%2Fwp%2Fv2%2Fcomments&post=6233"}],"version-history":[{"count":3,"href":"https:\/\/www.feuerwehrkostheim.de\/index.php?rest_route=\/wp\/v2\/posts\/6233\/revisions"}],"predecessor-version":[{"id":6236,"href":"https:\/\/www.feuerwehrkostheim.de\/index.php?rest_route=\/wp\/v2\/posts\/6233\/revisions\/6236"}],"wp:attachment":[{"href":"https:\/\/www.feuerwehrkostheim.de\/index.php?rest_route=%2Fwp%2Fv2%2Fmedia&parent=6233"}],"wp:term":[{"taxonomy":"category","embeddable":true,"href":"https:\/\/www.feuerwehrkostheim.de\/index.php?rest_route=%2Fwp%2Fv2%2Fcategories&post=6233"},{"taxonomy":"post_tag","embeddable":true,"href":"https:\/\/www.feuerwehrkostheim.de\/index.php?rest_route=%2Fwp%2Fv2%2Ftags&post=6233"}],"curies":[{"name":"wp","href":"https:\/\/api.w.org\/{rel}","templated":true}]}}