{"id":6226,"date":"2022-01-01T14:44:29","date_gmt":"2022-01-01T13:44:29","guid":{"rendered":"https:\/\/www.feuerwehrkostheim.de\/?p=6226"},"modified":"2022-01-01T14:52:01","modified_gmt":"2022-01-01T13:52:01","slug":"erster-einsatz-2022-alleinunfall-auf-der-bab-671","status":"publish","type":"post","link":"https:\/\/www.feuerwehrkostheim.de\/?p=6226","title":{"rendered":"Erster Einsatz 2022 &#8211; Alleinunfall auf der BAB 671"},"content":{"rendered":"<p><img loading=\"lazy\" decoding=\"async\" class=\"alignleft\" title=\"Einsatz-Logo\" src=\"https:\/\/www.feuerwehrkostheim.de\/wp-content\/bilder\/sonstige\/logo_einsatz.jpg\" alt=\"Einsatz-Logo\" width=\"100\" height=\"100\" \/><strong>01. Januar 2022 &#8211; 14:18 Uhr<\/strong><br \/>\n<strong>BAB\u00a0 671 &#8211; Abfahrt Kastel\u00a0<\/strong><br \/>\nH KLEMM 1 Y &#8211; Alarmgruppe mit FF Kastel<br \/>\nEinsatz 01 &#8211; 2022<\/p>\n<p>Nach einer ruhigen Silvesternacht, war das neue Jahr gerade etwas mehr als 14 Stunden alt, als die Pager der Kostheimer Wehr zum ersten Mal in 2022 ausgel\u00f6st werden mussten. Bedingt durch einen unklaren Alleinunfall im Abfahrtsbereich Kastel auf der der BAB 671 musste zu Beginn von m\u00f6glichen Verletzten, die unter Umst\u00e4nden im Fahrzeug eingeklemmt sind, ausgegangen werden. Nach dem Eintreffen der ebenfalls ausger\u00fcckten hauptamtlichen Kr\u00e4fte, konnte schnell Entwarnung gegeben werden. Niemand der Insassen war eingeklemmt oder schwerer verletzt. Dadurch konnte der Einsatz der Feuerwehr zeitnah abgebrochen werden. Das Kostheimer L\u00f6schfahrzeug drehte kurz vor Erreichen der Einsatzstelle ab und steuerte wieder den Heimatstandort an.<\/p>\n<p><em>Wir w\u00fcnschen allen auf diesem Weg noch ein gutes und gesundes neue Jahr!<\/em><\/p>\n","protected":false},"excerpt":{"rendered":"<p>01. Januar 2022 &#8211; 14:18 Uhr BAB\u00a0 671 &#8211; Abfahrt Kastel\u00a0 H KLEMM 1 Y &#8211; Alarmgruppe mit FF Kastel Einsatz 01 &#8211; 2022 Nach einer ruhigen Silvesternacht, war das neue Jahr gerade etwas mehr als 14 Stunden alt, als die Pager der Kostheimer Wehr zum ersten Mal in 2022 ausgel\u00f6st werden mussten. Bedingt durch [&hellip;]<\/p>\n","protected":false},"author":1,"featured_media":0,"comment_status":"closed","ping_status":"open","sticky":false,"template":"","format":"standard","meta":{"_et_pb_use_builder":"","_et_pb_old_content":"","_et_gb_content_width":"","_crdt_document":"","footnotes":""},"categories":[5],"tags":[110,496,1371,1372,51,70],"class_list":["post-6226","post","type-post","status-publish","format-standard","hentry","category-einsatze","tag-alarmgruppe","tag-autobahn","tag-bab671","tag-hklemm1y","tag-neujahr","tag-vu"],"_links":{"self":[{"href":"https:\/\/www.feuerwehrkostheim.de\/index.php?rest_route=\/wp\/v2\/posts\/6226","targetHints":{"allow":["GET"]}}],"collection":[{"href":"https:\/\/www.feuerwehrkostheim.de\/index.php?rest_route=\/wp\/v2\/posts"}],"about":[{"href":"https:\/\/www.feuerwehrkostheim.de\/index.php?rest_route=\/wp\/v2\/types\/post"}],"author":[{"embeddable":true,"href":"https:\/\/www.feuerwehrkostheim.de\/index.php?rest_route=\/wp\/v2\/users\/1"}],"replies":[{"embeddable":true,"href":"https:\/\/www.feuerwehrkostheim.de\/index.php?rest_route=%2Fwp%2Fv2%2Fcomments&post=6226"}],"version-history":[{"count":5,"href":"https:\/\/www.feuerwehrkostheim.de\/index.php?rest_route=\/wp\/v2\/posts\/6226\/revisions"}],"predecessor-version":[{"id":6231,"href":"https:\/\/www.feuerwehrkostheim.de\/index.php?rest_route=\/wp\/v2\/posts\/6226\/revisions\/6231"}],"wp:attachment":[{"href":"https:\/\/www.feuerwehrkostheim.de\/index.php?rest_route=%2Fwp%2Fv2%2Fmedia&parent=6226"}],"wp:term":[{"taxonomy":"category","embeddable":true,"href":"https:\/\/www.feuerwehrkostheim.de\/index.php?rest_route=%2Fwp%2Fv2%2Fcategories&post=6226"},{"taxonomy":"post_tag","embeddable":true,"href":"https:\/\/www.feuerwehrkostheim.de\/index.php?rest_route=%2Fwp%2Fv2%2Ftags&post=6226"}],"curies":[{"name":"wp","href":"https:\/\/api.w.org\/{rel}","templated":true}]}}