{"id":6218,"date":"2021-12-28T11:23:24","date_gmt":"2021-12-28T09:23:24","guid":{"rendered":"https:\/\/www.feuerwehrkostheim.de\/?p=6218"},"modified":"2021-12-28T11:23:24","modified_gmt":"2021-12-28T09:23:24","slug":"einsatzbereitschaft-wegen-misthaufenbrand","status":"publish","type":"post","link":"https:\/\/www.feuerwehrkostheim.de\/?p=6218","title":{"rendered":"Einsatzbereitschaft wegen Misthaufenbrand"},"content":{"rendered":"<p><img loading=\"lazy\" decoding=\"async\" class=\"alignleft\" title=\"Einsatz-Logo\" src=\"https:\/\/www.feuerwehrkostheim.de\/wp-content\/bilder\/sonstige\/logo_einsatz.jpg\" alt=\"Einsatz-Logo\" width=\"100\" height=\"100\" \/><strong>28. Dezember 2021 &#8211; 07:05 Uhr<\/strong><br \/>\n<strong>Feuerwehrger\u00e4tehaus<\/strong><br \/>\nS WB<br \/>\nEinsatz 79 &#8211; 2021<\/p>\n<p><a href=\"https:\/\/www.feuerwehrkostheim.de\/wp-content\/uploads\/2021\/12\/2021-12-28_Wachbesetzung-hk.jpg\" target=\"_blank\" rel=\"noopener\"><img loading=\"lazy\" decoding=\"async\" class=\"alignright size-medium wp-image-6220\" style=\"border: 4px solid #D8D8D8;\" src=\"https:\/\/www.feuerwehrkostheim.de\/wp-content\/uploads\/2021\/12\/2021-12-28_Wachbesetzung-hk-225x300.jpg\" width=\"225\" height=\"300\" srcset=\"https:\/\/www.feuerwehrkostheim.de\/wp-content\/uploads\/2021\/12\/2021-12-28_Wachbesetzung-hk-225x300.jpg 225w, https:\/\/www.feuerwehrkostheim.de\/wp-content\/uploads\/2021\/12\/2021-12-28_Wachbesetzung-hk-768x1024.jpg 768w, https:\/\/www.feuerwehrkostheim.de\/wp-content\/uploads\/2021\/12\/2021-12-28_Wachbesetzung-hk-1152x1536.jpg 1152w, https:\/\/www.feuerwehrkostheim.de\/wp-content\/uploads\/2021\/12\/2021-12-28_Wachbesetzung-hk.jpg 1200w\" sizes=\"(max-width: 225px) 100vw, 225px\" \/><\/a>Aufgrund eines gr\u00f6\u00dferen Einsatzes in Delkenheim, wo am fr\u00fchen Morgen ein brennender Misthaufen gel\u00f6scht werden musste, wurde die Kostheimer Feuerwehr zusammen mit den Kameraden\u00a0 aus Schierstein gegen 7 Uhr alarmiert, um die Einsatzbereitschaft f\u00fcr Paralleleins\u00e4tze im Wachbereich 2 herzustellen. In den knapp zweieinhalb Stunden der Wachbesetzung, die im warmen Ger\u00e4tehaus absolviert werden konnte, musste zu keinem weiteren Einsatz ausger\u00fcckt werden. Um 9:30 Uhr konnte die Einsatzbereitschaft wieder aufgehoben werden. W\u00e4hrend zwei Einsatzkr\u00e4fte aus Kostheim parallel schon mit der Logistikgruppe in Delkenheim im Einsatz waren, standen 11 weitere Kameraden mit zwei L\u00f6schfahrzeugen zur Verf\u00fcgung.<\/p>\n","protected":false},"excerpt":{"rendered":"<p>28. Dezember 2021 &#8211; 07:05 Uhr Feuerwehrger\u00e4tehaus S WB Einsatz 79 &#8211; 2021 Aufgrund eines gr\u00f6\u00dferen Einsatzes in Delkenheim, wo am fr\u00fchen Morgen ein brennender Misthaufen gel\u00f6scht werden musste, wurde die Kostheimer Feuerwehr zusammen mit den Kameraden\u00a0 aus Schierstein gegen 7 Uhr alarmiert, um die Einsatzbereitschaft f\u00fcr Paralleleins\u00e4tze im Wachbereich 2 herzustellen. In den knapp [&hellip;]<\/p>\n","protected":false},"author":1,"featured_media":0,"comment_status":"closed","ping_status":"open","sticky":false,"template":"","format":"standard","meta":{"_et_pb_use_builder":"","_et_pb_old_content":"","_et_gb_content_width":"","_crdt_document":"","footnotes":""},"categories":[5],"tags":[50,96,31,20,1481,1305,243],"class_list":["post-6218","post","type-post","status-publish","format-standard","hentry","category-einsatze","tag-brand","tag-delkenheim","tag-feuer","tag-geratehaus","tag-misthaufen","tag-swb","tag-wachbesetzung"],"_links":{"self":[{"href":"https:\/\/www.feuerwehrkostheim.de\/index.php?rest_route=\/wp\/v2\/posts\/6218","targetHints":{"allow":["GET"]}}],"collection":[{"href":"https:\/\/www.feuerwehrkostheim.de\/index.php?rest_route=\/wp\/v2\/posts"}],"about":[{"href":"https:\/\/www.feuerwehrkostheim.de\/index.php?rest_route=\/wp\/v2\/types\/post"}],"author":[{"embeddable":true,"href":"https:\/\/www.feuerwehrkostheim.de\/index.php?rest_route=\/wp\/v2\/users\/1"}],"replies":[{"embeddable":true,"href":"https:\/\/www.feuerwehrkostheim.de\/index.php?rest_route=%2Fwp%2Fv2%2Fcomments&post=6218"}],"version-history":[{"count":1,"href":"https:\/\/www.feuerwehrkostheim.de\/index.php?rest_route=\/wp\/v2\/posts\/6218\/revisions"}],"predecessor-version":[{"id":6221,"href":"https:\/\/www.feuerwehrkostheim.de\/index.php?rest_route=\/wp\/v2\/posts\/6218\/revisions\/6221"}],"wp:attachment":[{"href":"https:\/\/www.feuerwehrkostheim.de\/index.php?rest_route=%2Fwp%2Fv2%2Fmedia&parent=6218"}],"wp:term":[{"taxonomy":"category","embeddable":true,"href":"https:\/\/www.feuerwehrkostheim.de\/index.php?rest_route=%2Fwp%2Fv2%2Fcategories&post=6218"},{"taxonomy":"post_tag","embeddable":true,"href":"https:\/\/www.feuerwehrkostheim.de\/index.php?rest_route=%2Fwp%2Fv2%2Ftags&post=6218"}],"curies":[{"name":"wp","href":"https:\/\/api.w.org\/{rel}","templated":true}]}}