{"id":6207,"date":"2021-12-17T15:12:51","date_gmt":"2021-12-17T13:12:51","guid":{"rendered":"https:\/\/www.feuerwehrkostheim.de\/?p=6207"},"modified":"2021-12-17T15:12:51","modified_gmt":"2021-12-17T13:12:51","slug":"einsatzbereitschaft-am-feuerwehrgeraetehaus","status":"publish","type":"post","link":"https:\/\/www.feuerwehrkostheim.de\/?p=6207","title":{"rendered":"Einsatzbereitschaft am Feuerwehrger\u00e4tehaus"},"content":{"rendered":"<p><img loading=\"lazy\" decoding=\"async\" class=\"alignleft\" title=\"Einsatz-Logo\" src=\"https:\/\/www.feuerwehrkostheim.de\/wp-content\/bilder\/sonstige\/logo_einsatz.jpg\" alt=\"Einsatz-Logo\" width=\"100\" height=\"100\" \/><strong>16. Dezember 2021 &#8211; 12:45 Uhr<\/strong><br \/>\n<strong>Feuerwehrger\u00e4tehaus<\/strong><br \/>\nS WB<br \/>\nEinsatz 78 &#8211; 2021<\/p>\n<p>Aufgrund eines Paralleleinsatzes der Feuerwache 2 in Wiesbaden Schierstein, wurde die Kostheimer Feuerwehr am Donnerstagmittag zur Wachbesetzung alarmiert. Um f\u00fcr weitere Notf\u00e4lle ohne Zeitverzug einsetzbar zu sein, stellte man im Feuerwehrger\u00e4tehaus die Einsatzbereitschaft her, bis die Kameraden der Berufsfeuerwehr ihren Einsatz beendet hatten und nach gut einer Stunde ebenfalls wieder zur Verf\u00fcgung standen.<\/p>\n","protected":false},"excerpt":{"rendered":"<p>16. Dezember 2021 &#8211; 12:45 Uhr Feuerwehrger\u00e4tehaus S WB Einsatz 78 &#8211; 2021 Aufgrund eines Paralleleinsatzes der Feuerwache 2 in Wiesbaden Schierstein, wurde die Kostheimer Feuerwehr am Donnerstagmittag zur Wachbesetzung alarmiert. Um f\u00fcr weitere Notf\u00e4lle ohne Zeitverzug einsetzbar zu sein, stellte man im Feuerwehrger\u00e4tehaus die Einsatzbereitschaft her, bis die Kameraden der Berufsfeuerwehr ihren Einsatz beendet [&hellip;]<\/p>\n","protected":false},"author":1,"featured_media":0,"comment_status":"closed","ping_status":"open","sticky":false,"template":"","format":"standard","meta":{"_et_pb_use_builder":"","_et_pb_old_content":"","_et_gb_content_width":"","_crdt_document":"","footnotes":""},"categories":[1],"tags":[830,1350,1305,243],"class_list":["post-6207","post","type-post","status-publish","format-standard","hentry","category-allgemein","tag-bereitschaft","tag-feuerwehrgeraetehaus","tag-swb","tag-wachbesetzung"],"_links":{"self":[{"href":"https:\/\/www.feuerwehrkostheim.de\/index.php?rest_route=\/wp\/v2\/posts\/6207","targetHints":{"allow":["GET"]}}],"collection":[{"href":"https:\/\/www.feuerwehrkostheim.de\/index.php?rest_route=\/wp\/v2\/posts"}],"about":[{"href":"https:\/\/www.feuerwehrkostheim.de\/index.php?rest_route=\/wp\/v2\/types\/post"}],"author":[{"embeddable":true,"href":"https:\/\/www.feuerwehrkostheim.de\/index.php?rest_route=\/wp\/v2\/users\/1"}],"replies":[{"embeddable":true,"href":"https:\/\/www.feuerwehrkostheim.de\/index.php?rest_route=%2Fwp%2Fv2%2Fcomments&post=6207"}],"version-history":[{"count":1,"href":"https:\/\/www.feuerwehrkostheim.de\/index.php?rest_route=\/wp\/v2\/posts\/6207\/revisions"}],"predecessor-version":[{"id":6208,"href":"https:\/\/www.feuerwehrkostheim.de\/index.php?rest_route=\/wp\/v2\/posts\/6207\/revisions\/6208"}],"wp:attachment":[{"href":"https:\/\/www.feuerwehrkostheim.de\/index.php?rest_route=%2Fwp%2Fv2%2Fmedia&parent=6207"}],"wp:term":[{"taxonomy":"category","embeddable":true,"href":"https:\/\/www.feuerwehrkostheim.de\/index.php?rest_route=%2Fwp%2Fv2%2Fcategories&post=6207"},{"taxonomy":"post_tag","embeddable":true,"href":"https:\/\/www.feuerwehrkostheim.de\/index.php?rest_route=%2Fwp%2Fv2%2Ftags&post=6207"}],"curies":[{"name":"wp","href":"https:\/\/api.w.org\/{rel}","templated":true}]}}