{"id":6198,"date":"2021-12-06T16:11:46","date_gmt":"2021-12-06T14:11:46","guid":{"rendered":"https:\/\/www.feuerwehrkostheim.de\/?p=6198"},"modified":"2021-12-06T16:11:46","modified_gmt":"2021-12-06T14:11:46","slug":"flammenschein-ruft-feuerwehr-auf-den-plan","status":"publish","type":"post","link":"https:\/\/www.feuerwehrkostheim.de\/?p=6198","title":{"rendered":"Flammenschein ruft Feuerwehr auf den Plan"},"content":{"rendered":"<p><img loading=\"lazy\" decoding=\"async\" class=\"alignleft\" title=\"Einsatz-Logo\" src=\"https:\/\/www.feuerwehrkostheim.de\/wp-content\/bilder\/sonstige\/logo_einsatz.jpg\" alt=\"Einsatz-Logo\" width=\"100\" height=\"100\" \/><strong>05. Dezember 2021 &#8211; 18:56 Uhr<\/strong><br \/>\n<strong>Uthmannstra\u00dfe<\/strong><br \/>\nF 2<br \/>\nEinsatz 75 &#8211; 2021<\/p>\n<p><a href=\"https:\/\/www.feuerwehrkostheim.de\/wp-content\/uploads\/2021\/12\/2021-12-05-Feuer-Garten-scaled.jpg\"><img loading=\"lazy\" decoding=\"async\" class=\"alignright size-medium wp-image-6199\" style=\"border: 4px solid #D8D8D8;\" src=\"https:\/\/www.feuerwehrkostheim.de\/wp-content\/uploads\/2021\/12\/2021-12-05-Feuer-Garten-300x225.jpg\" width=\"300\" height=\"225\" srcset=\"https:\/\/www.feuerwehrkostheim.de\/wp-content\/uploads\/2021\/12\/2021-12-05-Feuer-Garten-300x225.jpg 300w, https:\/\/www.feuerwehrkostheim.de\/wp-content\/uploads\/2021\/12\/2021-12-05-Feuer-Garten-1024x768.jpg 1024w, https:\/\/www.feuerwehrkostheim.de\/wp-content\/uploads\/2021\/12\/2021-12-05-Feuer-Garten-768x576.jpg 768w, https:\/\/www.feuerwehrkostheim.de\/wp-content\/uploads\/2021\/12\/2021-12-05-Feuer-Garten-1536x1152.jpg 1536w, https:\/\/www.feuerwehrkostheim.de\/wp-content\/uploads\/2021\/12\/2021-12-05-Feuer-Garten-2048x1536.jpg 2048w\" sizes=\"(max-width: 300px) 100vw, 300px\" \/><\/a>Ein unklarer Feuerschein im Bereich Uthmannstra\u00dfe Ecke Zelterstra\u00dfe sorgte am Sonntagabend f\u00fcr einen Feuerwehreinsatz. Gegen 19 Uhr wurde neben dem L\u00f6schzug der Berufsfeuerwehr auch die Kostheimer Feuerwehr alarmiert, die kurze Zeit sp\u00e4ter mit allen drei Einsatzfahrzeugen ausr\u00fcckte. Da im angegebenen Bereich auf den ersten Blick kein Feuerschein zu sehen war, erkundete man das nahe Umfeld und konnte auf einem angrenzenden Gartengrundst\u00fcck eine Rauchentwicklung feststellen. Nachdem man sich Zutritt verschaffte feststellen, dass ein verlassenes Feuer Grund f\u00fcr die Rauchentwicklung war. Durch einen Trupp unter Atemschutz wurden die gl\u00fchenden \u00dcberreste auseinandergezogen und mit einem Strahlrohr abgel\u00f6scht. Der Feuerwehreinsatz konnte nach etwa einer Stunde beendet werden.<\/p>\n","protected":false},"excerpt":{"rendered":"<p>05. Dezember 2021 &#8211; 18:56 Uhr Uthmannstra\u00dfe F 2 Einsatz 75 &#8211; 2021 Ein unklarer Feuerschein im Bereich Uthmannstra\u00dfe Ecke Zelterstra\u00dfe sorgte am Sonntagabend f\u00fcr einen Feuerwehreinsatz. Gegen 19 Uhr wurde neben dem L\u00f6schzug der Berufsfeuerwehr auch die Kostheimer Feuerwehr alarmiert, die kurze Zeit sp\u00e4ter mit allen drei Einsatzfahrzeugen ausr\u00fcckte. Da im angegebenen Bereich auf [&hellip;]<\/p>\n","protected":false},"author":1,"featured_media":0,"comment_status":"closed","ping_status":"open","sticky":false,"template":"","format":"standard","meta":{"_et_pb_use_builder":"","_et_pb_old_content":"","_et_gb_content_width":"","_crdt_document":"","footnotes":""},"categories":[5],"tags":[44,112,1265,31,1478,863,1479],"class_list":["post-6198","post","type-post","status-publish","format-standard","hentry","category-einsatze","tag-atemschutz","tag-brandverdacht","tag-f2","tag-feuer","tag-flammenschein","tag-garten","tag-unbeaufsichtigt"],"_links":{"self":[{"href":"https:\/\/www.feuerwehrkostheim.de\/index.php?rest_route=\/wp\/v2\/posts\/6198","targetHints":{"allow":["GET"]}}],"collection":[{"href":"https:\/\/www.feuerwehrkostheim.de\/index.php?rest_route=\/wp\/v2\/posts"}],"about":[{"href":"https:\/\/www.feuerwehrkostheim.de\/index.php?rest_route=\/wp\/v2\/types\/post"}],"author":[{"embeddable":true,"href":"https:\/\/www.feuerwehrkostheim.de\/index.php?rest_route=\/wp\/v2\/users\/1"}],"replies":[{"embeddable":true,"href":"https:\/\/www.feuerwehrkostheim.de\/index.php?rest_route=%2Fwp%2Fv2%2Fcomments&post=6198"}],"version-history":[{"count":1,"href":"https:\/\/www.feuerwehrkostheim.de\/index.php?rest_route=\/wp\/v2\/posts\/6198\/revisions"}],"predecessor-version":[{"id":6200,"href":"https:\/\/www.feuerwehrkostheim.de\/index.php?rest_route=\/wp\/v2\/posts\/6198\/revisions\/6200"}],"wp:attachment":[{"href":"https:\/\/www.feuerwehrkostheim.de\/index.php?rest_route=%2Fwp%2Fv2%2Fmedia&parent=6198"}],"wp:term":[{"taxonomy":"category","embeddable":true,"href":"https:\/\/www.feuerwehrkostheim.de\/index.php?rest_route=%2Fwp%2Fv2%2Fcategories&post=6198"},{"taxonomy":"post_tag","embeddable":true,"href":"https:\/\/www.feuerwehrkostheim.de\/index.php?rest_route=%2Fwp%2Fv2%2Ftags&post=6198"}],"curies":[{"name":"wp","href":"https:\/\/api.w.org\/{rel}","templated":true}]}}