{"id":6168,"date":"2021-11-21T12:46:26","date_gmt":"2021-11-21T10:46:26","guid":{"rendered":"https:\/\/www.feuerwehrkostheim.de\/?p=6168"},"modified":"2021-11-21T12:52:09","modified_gmt":"2021-11-21T10:52:09","slug":"spontan-und-unkompliziert-impfboost-aktion-durch-kostheimer-hausarztpraxis","status":"publish","type":"post","link":"https:\/\/www.feuerwehrkostheim.de\/?p=6168","title":{"rendered":"Spontan, unkompliziert und vor Ort: Impfboost-Aktion durch Kostheimer Hausarztpraxis"},"content":{"rendered":"<p><a href=\"https:\/\/www.feuerwehrkostheim.de\/wp-content\/uploads\/2021\/11\/2021-11-19-Impfung-3-scaled.jpg\" target=\"_blank\" rel=\"noopener\"><img loading=\"lazy\" decoding=\"async\" class=\"alignright size-medium wp-image-6167\" style=\"border: 4px solid #D8D8D8;\" src=\"https:\/\/www.feuerwehrkostheim.de\/wp-content\/uploads\/2021\/11\/2021-11-19-Impfung-3-199x300.jpg\" width=\"199\" height=\"300\" srcset=\"https:\/\/www.feuerwehrkostheim.de\/wp-content\/uploads\/2021\/11\/2021-11-19-Impfung-3-199x300.jpg 199w, https:\/\/www.feuerwehrkostheim.de\/wp-content\/uploads\/2021\/11\/2021-11-19-Impfung-3-678x1024.jpg 678w, https:\/\/www.feuerwehrkostheim.de\/wp-content\/uploads\/2021\/11\/2021-11-19-Impfung-3-768x1160.jpg 768w, https:\/\/www.feuerwehrkostheim.de\/wp-content\/uploads\/2021\/11\/2021-11-19-Impfung-3-1017x1536.jpg 1017w, https:\/\/www.feuerwehrkostheim.de\/wp-content\/uploads\/2021\/11\/2021-11-19-Impfung-3-1356x2048.jpg 1356w, https:\/\/www.feuerwehrkostheim.de\/wp-content\/uploads\/2021\/11\/2021-11-19-Impfung-3-scaled.jpg 1696w\" sizes=\"(max-width: 199px) 100vw, 199px\" \/><\/a>Massiv steigende Inzidenzen bei den Coronaerkrankungen haben das Hessische Ministerium des Inneren und f\u00fcr Sport, dazu bewegt, eine Empfehlung auszusprechen, dass sich Feuerwehrleute unabh\u00e4ngig der zu diesem Zeitpunkt noch nicht vorliegenden Impfempfehlung f\u00fcr J\u00fcngere, ein Impfbooster-Angebot wahrzunehmen \u2013 sofern 6 Monate nach der Zweitimpfung verstrichen sind.<\/p>\n<p>W\u00e4hrend die Erst- und Zweitimpfung f\u00fcr die Freiwilligen Feuerwehren in Wiesbaden noch zentral \u00fcber das st\u00e4dtische Impfzentrum durchgef\u00fchrt wurden, gab es diese M\u00f6glichkeit aktuell nicht mehr. So k\u00fcmmerte sich jede Kameradin, jeder Kamerad selbst um seine Impfanfrage. Die Resonanz war jedoch von \u201ekommen sie morgen vorbei\u201c bis hin zu \u201efr\u00fchestens im M\u00e4rz kann ich Ihnen die Impfung anbieten\u201c.<\/p>\n<p>Durch eine sehr spontane Aktion, bekamen nun aber am vergangenen Freitag eine gro\u00dfe Anzahl der Kostheimer Einsatzkr\u00e4fte \u201ein einem Rutsch\u201c durch die im Ort ans\u00e4ssige Hausarztpraxis von Frau Dr. Schulze Sp\u00fcntrup und ihrem Team v\u00f6llig unkompliziert ihre dritte Corona-Impfung verabreicht.<\/p>\n<p><strong>Unser ganz besonderer Dank gilt an dieser Stelle Frau Dr. Schulze Sp\u00fcntrup und Frau Dr. Bach sowie dem ganzen Praxisteam, die es spontan den ehrenamtlichen Helfern erm\u00f6glicht haben, ihren Coronaschutz trotz des laufenden Praxis-Tagesgesch\u00e4ftes aufzufrischen.<\/strong><\/p>\n","protected":false},"excerpt":{"rendered":"<p>Massiv steigende Inzidenzen bei den Coronaerkrankungen haben das Hessische Ministerium des Inneren und f\u00fcr Sport, dazu bewegt, eine Empfehlung auszusprechen, dass sich Feuerwehrleute unabh\u00e4ngig der zu diesem Zeitpunkt noch nicht vorliegenden Impfempfehlung f\u00fcr J\u00fcngere, ein Impfbooster-Angebot wahrzunehmen \u2013 sofern 6 Monate nach der Zweitimpfung verstrichen sind. W\u00e4hrend die Erst- und Zweitimpfung f\u00fcr die Freiwilligen Feuerwehren [&hellip;]<\/p>\n","protected":false},"author":1,"featured_media":0,"comment_status":"closed","ping_status":"open","sticky":false,"template":"","format":"standard","meta":{"_et_pb_use_builder":"","_et_pb_old_content":"","_et_gb_content_width":"","_crdt_document":"","footnotes":""},"categories":[1],"tags":[53,1318,1332,1473,1470,1475,1469,1472,1474,1471],"class_list":["post-6168","post","type-post","status-publish","format-standard","hentry","category-allgemein","tag-aktion","tag-corona","tag-danke","tag-hausarzt","tag-impfbooster","tag-praxis","tag-schutzimpfung","tag-spontan","tag-spuentrup","tag-unkompliziert"],"_links":{"self":[{"href":"https:\/\/www.feuerwehrkostheim.de\/index.php?rest_route=\/wp\/v2\/posts\/6168","targetHints":{"allow":["GET"]}}],"collection":[{"href":"https:\/\/www.feuerwehrkostheim.de\/index.php?rest_route=\/wp\/v2\/posts"}],"about":[{"href":"https:\/\/www.feuerwehrkostheim.de\/index.php?rest_route=\/wp\/v2\/types\/post"}],"author":[{"embeddable":true,"href":"https:\/\/www.feuerwehrkostheim.de\/index.php?rest_route=\/wp\/v2\/users\/1"}],"replies":[{"embeddable":true,"href":"https:\/\/www.feuerwehrkostheim.de\/index.php?rest_route=%2Fwp%2Fv2%2Fcomments&post=6168"}],"version-history":[{"count":4,"href":"https:\/\/www.feuerwehrkostheim.de\/index.php?rest_route=\/wp\/v2\/posts\/6168\/revisions"}],"predecessor-version":[{"id":6172,"href":"https:\/\/www.feuerwehrkostheim.de\/index.php?rest_route=\/wp\/v2\/posts\/6168\/revisions\/6172"}],"wp:attachment":[{"href":"https:\/\/www.feuerwehrkostheim.de\/index.php?rest_route=%2Fwp%2Fv2%2Fmedia&parent=6168"}],"wp:term":[{"taxonomy":"category","embeddable":true,"href":"https:\/\/www.feuerwehrkostheim.de\/index.php?rest_route=%2Fwp%2Fv2%2Fcategories&post=6168"},{"taxonomy":"post_tag","embeddable":true,"href":"https:\/\/www.feuerwehrkostheim.de\/index.php?rest_route=%2Fwp%2Fv2%2Ftags&post=6168"}],"curies":[{"name":"wp","href":"https:\/\/api.w.org\/{rel}","templated":true}]}}