{"id":6143,"date":"2021-10-24T15:22:51","date_gmt":"2021-10-24T13:22:51","guid":{"rendered":"https:\/\/www.feuerwehrkostheim.de\/?p=6143"},"modified":"2021-10-24T15:22:51","modified_gmt":"2021-10-24T13:22:51","slug":"neue-atemschutzgeraetetraeger-fuer-die-einsatzabteilung","status":"publish","type":"post","link":"https:\/\/www.feuerwehrkostheim.de\/?p=6143","title":{"rendered":"Neue Atemschutzger\u00e4tetr\u00e4ger f\u00fcr die Einsatzabteilung"},"content":{"rendered":"<p><a href=\"https:\/\/www.feuerwehrkostheim.de\/wp-content\/uploads\/2021\/10\/2021-10-23-AGT.jpg\" target=\"_blank\" rel=\"noopener\"><img loading=\"lazy\" decoding=\"async\" class=\"alignright size-medium wp-image-6142\" style=\"border: 4px solid #D8D8D8;\" src=\"https:\/\/www.feuerwehrkostheim.de\/wp-content\/uploads\/2021\/10\/2021-10-23-AGT-300x225.jpg\" alt=\"\" width=\"300\" height=\"225\" srcset=\"https:\/\/www.feuerwehrkostheim.de\/wp-content\/uploads\/2021\/10\/2021-10-23-AGT-300x225.jpg 300w, https:\/\/www.feuerwehrkostheim.de\/wp-content\/uploads\/2021\/10\/2021-10-23-AGT-1024x768.jpg 1024w, https:\/\/www.feuerwehrkostheim.de\/wp-content\/uploads\/2021\/10\/2021-10-23-AGT-768x576.jpg 768w, https:\/\/www.feuerwehrkostheim.de\/wp-content\/uploads\/2021\/10\/2021-10-23-AGT-1536x1152.jpg 1536w, https:\/\/www.feuerwehrkostheim.de\/wp-content\/uploads\/2021\/10\/2021-10-23-AGT.jpg 2000w\" sizes=\"(max-width: 300px) 100vw, 300px\" \/><\/a>Nach gut anderthalb Jahren coronabedingter Ausbildungsverz\u00f6gerung, absolvierten an den letzten beiden Wochenenden zwei Kameraden der Kostheimer Feuerwehr wieder einen Kreislehrgang bei der Wiesbadener Berufsfeuerwehr. Oliver Stein und Dennis Stark haben erfolgreich den Lehrgang zum Atemschutzger\u00e4tetr\u00e4ger absolviert und k\u00f6nnen ab sofort bei Eins\u00e4tzen, bei denen umluftunabh\u00e4ngiger Atemschutz ben\u00f6tigt wird, mit den entsprechenden Ger\u00e4ten eingesetzt werden.<\/p>\n<p>Wir w\u00fcnschen den zwei Neu-Ger\u00e4tetr\u00e4gern viel Erfolg bei ihren mitunter gef\u00e4hrlichen Eins\u00e4tzen.<\/p>\n","protected":false},"excerpt":{"rendered":"<p>Nach gut anderthalb Jahren coronabedingter Ausbildungsverz\u00f6gerung, absolvierten an den letzten beiden Wochenenden zwei Kameraden der Kostheimer Feuerwehr wieder einen Kreislehrgang bei der Wiesbadener Berufsfeuerwehr. Oliver Stein und Dennis Stark haben erfolgreich den Lehrgang zum Atemschutzger\u00e4tetr\u00e4ger absolviert und k\u00f6nnen ab sofort bei Eins\u00e4tzen, bei denen umluftunabh\u00e4ngiger Atemschutz ben\u00f6tigt wird, mit den entsprechenden Ger\u00e4ten eingesetzt werden. Wir [&hellip;]<\/p>\n","protected":false},"author":1,"featured_media":0,"comment_status":"closed","ping_status":"open","sticky":false,"template":"","format":"standard","meta":{"_et_pb_use_builder":"","_et_pb_old_content":"","_et_gb_content_width":"","_crdt_document":"","footnotes":""},"categories":[1],"tags":[1463,44,1462],"class_list":["post-6143","post","type-post","status-publish","format-standard","hentry","category-allgemein","tag-agt","tag-atemschutz","tag-lehrgang"],"_links":{"self":[{"href":"https:\/\/www.feuerwehrkostheim.de\/index.php?rest_route=\/wp\/v2\/posts\/6143","targetHints":{"allow":["GET"]}}],"collection":[{"href":"https:\/\/www.feuerwehrkostheim.de\/index.php?rest_route=\/wp\/v2\/posts"}],"about":[{"href":"https:\/\/www.feuerwehrkostheim.de\/index.php?rest_route=\/wp\/v2\/types\/post"}],"author":[{"embeddable":true,"href":"https:\/\/www.feuerwehrkostheim.de\/index.php?rest_route=\/wp\/v2\/users\/1"}],"replies":[{"embeddable":true,"href":"https:\/\/www.feuerwehrkostheim.de\/index.php?rest_route=%2Fwp%2Fv2%2Fcomments&post=6143"}],"version-history":[{"count":1,"href":"https:\/\/www.feuerwehrkostheim.de\/index.php?rest_route=\/wp\/v2\/posts\/6143\/revisions"}],"predecessor-version":[{"id":6144,"href":"https:\/\/www.feuerwehrkostheim.de\/index.php?rest_route=\/wp\/v2\/posts\/6143\/revisions\/6144"}],"wp:attachment":[{"href":"https:\/\/www.feuerwehrkostheim.de\/index.php?rest_route=%2Fwp%2Fv2%2Fmedia&parent=6143"}],"wp:term":[{"taxonomy":"category","embeddable":true,"href":"https:\/\/www.feuerwehrkostheim.de\/index.php?rest_route=%2Fwp%2Fv2%2Fcategories&post=6143"},{"taxonomy":"post_tag","embeddable":true,"href":"https:\/\/www.feuerwehrkostheim.de\/index.php?rest_route=%2Fwp%2Fv2%2Ftags&post=6143"}],"curies":[{"name":"wp","href":"https:\/\/api.w.org\/{rel}","templated":true}]}}