{"id":6128,"date":"2021-10-17T13:37:08","date_gmt":"2021-10-17T11:37:08","guid":{"rendered":"https:\/\/www.feuerwehrkostheim.de\/?p=6128"},"modified":"2021-10-17T13:37:08","modified_gmt":"2021-10-17T11:37:08","slug":"in-vollbrand-stehender-kleintransporter-auf-der-autobahn","status":"publish","type":"post","link":"https:\/\/www.feuerwehrkostheim.de\/?p=6128","title":{"rendered":"In Vollbrand stehender Kleintransporter auf der Autobahn"},"content":{"rendered":"<p><img loading=\"lazy\" decoding=\"async\" class=\"alignleft\" title=\"Einsatz-Logo\" src=\"https:\/\/www.feuerwehrkostheim.de\/wp-content\/bilder\/sonstige\/logo_einsatz.jpg\" alt=\"Einsatz-Logo\" width=\"100\" height=\"100\" \/><strong>16. Oktober 2021 &#8211; 18:35 Uhr<\/strong><br \/>\n<strong>BAB 671 &#8211; Kastel Richtung Mainzer Stra\u00dfe<\/strong><br \/>\nF 1\/ Alarmgruppe mit FF-Kastel<br \/>\nEinsatz 62 &#8211; 2021<\/p>\n<div id=\"attachment_6127\" style=\"width: 310px\" class=\"wp-caption alignright\"><a href=\"https:\/\/www.feuerwehrkostheim.de\/wp-content\/uploads\/2021\/10\/2021-10-16-PKW_Brand_A671.jpg\"><img loading=\"lazy\" decoding=\"async\" aria-describedby=\"caption-attachment-6127\" class=\"size-medium wp-image-6127\" style=\"border: 4px solid #D8D8D8;\" src=\"https:\/\/www.feuerwehrkostheim.de\/wp-content\/uploads\/2021\/10\/2021-10-16-PKW_Brand_A671-300x225.jpg\" width=\"300\" height=\"225\" srcset=\"https:\/\/www.feuerwehrkostheim.de\/wp-content\/uploads\/2021\/10\/2021-10-16-PKW_Brand_A671-300x225.jpg 300w, https:\/\/www.feuerwehrkostheim.de\/wp-content\/uploads\/2021\/10\/2021-10-16-PKW_Brand_A671.jpg 640w\" sizes=\"(max-width: 300px) 100vw, 300px\" \/><\/a><p id=\"caption-attachment-6127\" class=\"wp-caption-text\">Foto: Feuerwehr Wiesbaden<\/p><\/div>\n<p>Auch am dritten Tag in Folge wurde die Kostheimer Feuerwehr zu mindestens einem Einsatz alarmiert. Am fr\u00fchen Samstagabend lautete das Alarmstichwort \u201ePKW-Brand auf der A671\u201c und man r\u00fcckte zur angegebenen Einsatzstelle &#8211; von wo aus die Rauchs\u00e4ule weithin sichtbar war &#8211; zwischen der Anschlussstelle Kastel und dem Am\u00f6neburger Kreisel aus. Als erst eintreffendes L\u00f6schfahrzeug r\u00fcstete sich umgehend ein Trupp unter Atemschutz aus, der mit den L\u00f6scharbeiten bei einem auf dem Seitenstreifen in Vollbrand stehenden Kleintransporter begann. Von den ebenfalls eintreffenden Kollegen der Berufsfeuerwehr ging ein zweiter Trupp mit einem weiteren Strahlrohr in Stellung, sodass das Feuer schnell einged\u00e4mmt werden konnte. Da zwischenzeitlich noch nicht klar absehbar war, in weit das vorhandene L\u00f6schwasser ausreichen w\u00fcrde, setzte die Leistelle das zweite Kostheimer L\u00f6schfahrzeug zusammen mit den ebenfalls alarmierten Kameraden aus Kastel in Marsch- diese wurden aber kurze Zeit sp\u00e4ter aufgrund des Fortschritts der L\u00f6schma\u00dfnahmen wieder abbestellt. Die Autobahn war\u00a0 w\u00e4hrend des Einsatzes in Richtung Wiesbaden zeitweise voll gesperrt. Nach Abschluss der Nachl\u00f6scharbeiten, bei denen zus\u00e4tzlich Netzmittel eingesetzt wurde, konnte der Einsatz nach gut einer Stunde beendet werden.<\/p>\n","protected":false},"excerpt":{"rendered":"<p>16. Oktober 2021 &#8211; 18:35 Uhr BAB 671 &#8211; Kastel Richtung Mainzer Stra\u00dfe F 1\/ Alarmgruppe mit FF-Kastel Einsatz 62 &#8211; 2021 Auch am dritten Tag in Folge wurde die Kostheimer Feuerwehr zu mindestens einem Einsatz alarmiert. Am fr\u00fchen Samstagabend lautete das Alarmstichwort \u201ePKW-Brand auf der A671\u201c und man r\u00fcckte zur angegebenen Einsatzstelle &#8211; von [&hellip;]<\/p>\n","protected":false},"author":1,"featured_media":0,"comment_status":"closed","ping_status":"open","sticky":false,"template":"","format":"standard","meta":{"_et_pb_use_builder":"","_et_pb_old_content":"","_et_gb_content_width":"","_crdt_document":"","footnotes":""},"categories":[5],"tags":[110,496,1371,50,1262,31,1457,355],"class_list":["post-6128","post","type-post","status-publish","format-standard","hentry","category-einsatze","tag-alarmgruppe","tag-autobahn","tag-bab671","tag-brand","tag-f1","tag-feuer","tag-loeschmassnahmen","tag-vollbrand"],"_links":{"self":[{"href":"https:\/\/www.feuerwehrkostheim.de\/index.php?rest_route=\/wp\/v2\/posts\/6128","targetHints":{"allow":["GET"]}}],"collection":[{"href":"https:\/\/www.feuerwehrkostheim.de\/index.php?rest_route=\/wp\/v2\/posts"}],"about":[{"href":"https:\/\/www.feuerwehrkostheim.de\/index.php?rest_route=\/wp\/v2\/types\/post"}],"author":[{"embeddable":true,"href":"https:\/\/www.feuerwehrkostheim.de\/index.php?rest_route=\/wp\/v2\/users\/1"}],"replies":[{"embeddable":true,"href":"https:\/\/www.feuerwehrkostheim.de\/index.php?rest_route=%2Fwp%2Fv2%2Fcomments&post=6128"}],"version-history":[{"count":1,"href":"https:\/\/www.feuerwehrkostheim.de\/index.php?rest_route=\/wp\/v2\/posts\/6128\/revisions"}],"predecessor-version":[{"id":6129,"href":"https:\/\/www.feuerwehrkostheim.de\/index.php?rest_route=\/wp\/v2\/posts\/6128\/revisions\/6129"}],"wp:attachment":[{"href":"https:\/\/www.feuerwehrkostheim.de\/index.php?rest_route=%2Fwp%2Fv2%2Fmedia&parent=6128"}],"wp:term":[{"taxonomy":"category","embeddable":true,"href":"https:\/\/www.feuerwehrkostheim.de\/index.php?rest_route=%2Fwp%2Fv2%2Fcategories&post=6128"},{"taxonomy":"post_tag","embeddable":true,"href":"https:\/\/www.feuerwehrkostheim.de\/index.php?rest_route=%2Fwp%2Fv2%2Ftags&post=6128"}],"curies":[{"name":"wp","href":"https:\/\/api.w.org\/{rel}","templated":true}]}}