{"id":6121,"date":"2021-10-15T16:37:22","date_gmt":"2021-10-15T14:37:22","guid":{"rendered":"https:\/\/www.feuerwehrkostheim.de\/?p=6121"},"modified":"2021-10-15T16:37:22","modified_gmt":"2021-10-15T14:37:22","slug":"erneute-wachbesetzung-am-feuerwehrgeraetehaus","status":"publish","type":"post","link":"https:\/\/www.feuerwehrkostheim.de\/?p=6121","title":{"rendered":"Erneute Wachbesetzung am Feuerwehrger\u00e4tehaus"},"content":{"rendered":"<p><img loading=\"lazy\" decoding=\"async\" class=\"alignleft\" title=\"Einsatz-Logo\" src=\"https:\/\/www.feuerwehrkostheim.de\/wp-content\/bilder\/sonstige\/logo_einsatz.jpg\" alt=\"Einsatz-Logo\" width=\"100\" height=\"100\" \/><strong>15. Oktober 2021 &#8211; 11:19 Uhr<\/strong><br \/>\n<strong>Feuerwehrger\u00e4tehaus<\/strong><br \/>\nS WB<br \/>\nEinsatz 61 &#8211; 2021<\/p>\n<p>Nachdem die Kostheimer Feuerwehr bereits am Donnerstagmorgen die Wachbereitschaft am Feuerwehrger\u00e4tehaus herstellen musste, wurden Sie am heutigen Freitag erneut zur Wachbesetzung alarmiert. Diesmal war ein umgest\u00fcrzter Baukran in Erbenheim der Grund f\u00fcr die Nachbesetzung des Wachbereiches 2 f\u00fcr m\u00f6gliche Paralleleins\u00e4tze. Nach Anderthalbstunden konnte die Einsatzbereitschaft der erneut 12 Kameraden, die mit zwei L\u00f6schfahrzeugen h\u00e4tten ausr\u00fccken k\u00f6nnen, aufgehoben.<\/p>\n","protected":false},"excerpt":{"rendered":"<p>15. Oktober 2021 &#8211; 11:19 Uhr Feuerwehrger\u00e4tehaus S WB Einsatz 61 &#8211; 2021 Nachdem die Kostheimer Feuerwehr bereits am Donnerstagmorgen die Wachbereitschaft am Feuerwehrger\u00e4tehaus herstellen musste, wurden Sie am heutigen Freitag erneut zur Wachbesetzung alarmiert. Diesmal war ein umgest\u00fcrzter Baukran in Erbenheim der Grund f\u00fcr die Nachbesetzung des Wachbereiches 2 f\u00fcr m\u00f6gliche Paralleleins\u00e4tze. Nach Anderthalbstunden [&hellip;]<\/p>\n","protected":false},"author":1,"featured_media":0,"comment_status":"closed","ping_status":"open","sticky":false,"template":"","format":"standard","meta":{"_et_pb_use_builder":"","_et_pb_old_content":"","_et_gb_content_width":"","_crdt_document":"","footnotes":""},"categories":[5],"tags":[1456,444,404,1305,421,243],"class_list":["post-6121","post","type-post","status-publish","format-standard","hentry","category-einsatze","tag-baukran","tag-erbenheim","tag-hilfeleistung","tag-swb","tag-umgesturzt","tag-wachbesetzung"],"_links":{"self":[{"href":"https:\/\/www.feuerwehrkostheim.de\/index.php?rest_route=\/wp\/v2\/posts\/6121","targetHints":{"allow":["GET"]}}],"collection":[{"href":"https:\/\/www.feuerwehrkostheim.de\/index.php?rest_route=\/wp\/v2\/posts"}],"about":[{"href":"https:\/\/www.feuerwehrkostheim.de\/index.php?rest_route=\/wp\/v2\/types\/post"}],"author":[{"embeddable":true,"href":"https:\/\/www.feuerwehrkostheim.de\/index.php?rest_route=\/wp\/v2\/users\/1"}],"replies":[{"embeddable":true,"href":"https:\/\/www.feuerwehrkostheim.de\/index.php?rest_route=%2Fwp%2Fv2%2Fcomments&post=6121"}],"version-history":[{"count":1,"href":"https:\/\/www.feuerwehrkostheim.de\/index.php?rest_route=\/wp\/v2\/posts\/6121\/revisions"}],"predecessor-version":[{"id":6122,"href":"https:\/\/www.feuerwehrkostheim.de\/index.php?rest_route=\/wp\/v2\/posts\/6121\/revisions\/6122"}],"wp:attachment":[{"href":"https:\/\/www.feuerwehrkostheim.de\/index.php?rest_route=%2Fwp%2Fv2%2Fmedia&parent=6121"}],"wp:term":[{"taxonomy":"category","embeddable":true,"href":"https:\/\/www.feuerwehrkostheim.de\/index.php?rest_route=%2Fwp%2Fv2%2Fcategories&post=6121"},{"taxonomy":"post_tag","embeddable":true,"href":"https:\/\/www.feuerwehrkostheim.de\/index.php?rest_route=%2Fwp%2Fv2%2Ftags&post=6121"}],"curies":[{"name":"wp","href":"https:\/\/api.w.org\/{rel}","templated":true}]}}