{"id":6117,"date":"2021-10-15T16:31:48","date_gmt":"2021-10-15T14:31:48","guid":{"rendered":"https:\/\/www.feuerwehrkostheim.de\/?p=6117"},"modified":"2021-10-15T16:33:55","modified_gmt":"2021-10-15T14:33:55","slug":"wachbesetzung-wegen-feuer-in-erbenheim","status":"publish","type":"post","link":"https:\/\/www.feuerwehrkostheim.de\/?p=6117","title":{"rendered":"Wachbesetzung wegen Feuer in Erbenheim"},"content":{"rendered":"<p><img loading=\"lazy\" decoding=\"async\" class=\"alignleft\" title=\"Einsatz-Logo\" src=\"https:\/\/www.feuerwehrkostheim.de\/wp-content\/bilder\/sonstige\/logo_einsatz.jpg\" alt=\"Einsatz-Logo\" width=\"100\" height=\"100\" \/><strong>14. Oktober 2021 &#8211; 07:39 Uhr<\/strong><br \/>\n<strong>Feuerwehrger\u00e4tehaus<\/strong><br \/>\nS WB<br \/>\nEinsatz 59 &#8211; 2021<\/p>\n<p>Aufgrund eines Geb\u00e4udebrandes im Stadtteil Erbenheim, waren am Donnerstagmorgen eine Vielzahl von Kr\u00e4ften von Berufs- und Freiwilliger Feuerwehr eingebunden. Um f\u00fcr weitere Notf\u00e4lle in den jeweiligen Wachbereichen gewappnet zu sein, alarmierte die Wiesbadener Rettungsleitstelle weitere Freiwillige Wehren zur Herstellen einer Wachbesetzung. Auch die Kostheimer Feuerwehr wurde gegen 7:30 Uhr alarmiert und stellte im eigenen Feuerwehrger\u00e4tehaus die Einsatzbereitschaft her. Die insgesamt 12 Kameradinnen und Kameraden mussten nicht ausr\u00fccken und konnten etwa zwei Stunden sp\u00e4ter die Bereitschaft wieder aufheben, da die Kr\u00e4fte aus dem Brandeinsatz wieder frei wurden.<\/p>\n","protected":false},"excerpt":{"rendered":"<p>14. Oktober 2021 &#8211; 07:39 Uhr Feuerwehrger\u00e4tehaus S WB Einsatz 59 &#8211; 2021 Aufgrund eines Geb\u00e4udebrandes im Stadtteil Erbenheim, waren am Donnerstagmorgen eine Vielzahl von Kr\u00e4ften von Berufs- und Freiwilliger Feuerwehr eingebunden. Um f\u00fcr weitere Notf\u00e4lle in den jeweiligen Wachbereichen gewappnet zu sein, alarmierte die Wiesbadener Rettungsleitstelle weitere Freiwillige Wehren zur Herstellen einer Wachbesetzung. Auch [&hellip;]<\/p>\n","protected":false},"author":1,"featured_media":0,"comment_status":"closed","ping_status":"open","sticky":false,"template":"","format":"standard","meta":{"_et_pb_use_builder":"","_et_pb_old_content":"","_et_gb_content_width":"","_crdt_document":"","footnotes":""},"categories":[5],"tags":[444,31,1452,20,1305,243],"class_list":["post-6117","post","type-post","status-publish","format-standard","hentry","category-einsatze","tag-erbenheim","tag-feuer","tag-fw2","tag-geratehaus","tag-swb","tag-wachbesetzung"],"_links":{"self":[{"href":"https:\/\/www.feuerwehrkostheim.de\/index.php?rest_route=\/wp\/v2\/posts\/6117","targetHints":{"allow":["GET"]}}],"collection":[{"href":"https:\/\/www.feuerwehrkostheim.de\/index.php?rest_route=\/wp\/v2\/posts"}],"about":[{"href":"https:\/\/www.feuerwehrkostheim.de\/index.php?rest_route=\/wp\/v2\/types\/post"}],"author":[{"embeddable":true,"href":"https:\/\/www.feuerwehrkostheim.de\/index.php?rest_route=\/wp\/v2\/users\/1"}],"replies":[{"embeddable":true,"href":"https:\/\/www.feuerwehrkostheim.de\/index.php?rest_route=%2Fwp%2Fv2%2Fcomments&post=6117"}],"version-history":[{"count":1,"href":"https:\/\/www.feuerwehrkostheim.de\/index.php?rest_route=\/wp\/v2\/posts\/6117\/revisions"}],"predecessor-version":[{"id":6118,"href":"https:\/\/www.feuerwehrkostheim.de\/index.php?rest_route=\/wp\/v2\/posts\/6117\/revisions\/6118"}],"wp:attachment":[{"href":"https:\/\/www.feuerwehrkostheim.de\/index.php?rest_route=%2Fwp%2Fv2%2Fmedia&parent=6117"}],"wp:term":[{"taxonomy":"category","embeddable":true,"href":"https:\/\/www.feuerwehrkostheim.de\/index.php?rest_route=%2Fwp%2Fv2%2Fcategories&post=6117"},{"taxonomy":"post_tag","embeddable":true,"href":"https:\/\/www.feuerwehrkostheim.de\/index.php?rest_route=%2Fwp%2Fv2%2Ftags&post=6117"}],"curies":[{"name":"wp","href":"https:\/\/api.w.org\/{rel}","templated":true}]}}