{"id":6108,"date":"2021-10-09T10:24:59","date_gmt":"2021-10-09T08:24:59","guid":{"rendered":"https:\/\/www.feuerwehrkostheim.de\/?p=6108"},"modified":"2021-10-09T10:26:34","modified_gmt":"2021-10-09T08:26:34","slug":"unratfeuer-unterhalb-der-lindebruecke","status":"publish","type":"post","link":"https:\/\/www.feuerwehrkostheim.de\/?p=6108","title":{"rendered":"Unratfeuer unterhalb der Lindebr\u00fccke"},"content":{"rendered":"<p><img loading=\"lazy\" decoding=\"async\" class=\"alignleft\" title=\"Einsatz-Logo\" src=\"https:\/\/www.feuerwehrkostheim.de\/wp-content\/bilder\/sonstige\/logo_einsatz.jpg\" alt=\"Einsatz-Logo\" width=\"100\" height=\"100\" \/><strong>07. Oktober 2021 &#8211; 20:12 Uhr<\/strong><br \/>\n<strong>Kostheimer Landstra\u00dfe<\/strong><br \/>\nF 1<br \/>\nEinsatz 58 &#8211; 2021<\/p>\n<p><a href=\"https:\/\/www.feuerwehrkostheim.de\/wp-content\/uploads\/2021\/10\/2021-10-07_Lindebruecke.jpeg\" target=\"_blank\" rel=\"noopener\"><img loading=\"lazy\" decoding=\"async\" class=\"alignright size-medium wp-image-6107\" style=\"border: 4px solid #D8D8D8;\" src=\"https:\/\/www.feuerwehrkostheim.de\/wp-content\/uploads\/2021\/10\/2021-10-07_Lindebruecke-300x138.jpeg\" width=\"300\" height=\"138\" srcset=\"https:\/\/www.feuerwehrkostheim.de\/wp-content\/uploads\/2021\/10\/2021-10-07_Lindebruecke-300x138.jpeg 300w, https:\/\/www.feuerwehrkostheim.de\/wp-content\/uploads\/2021\/10\/2021-10-07_Lindebruecke-1024x472.jpeg 1024w, https:\/\/www.feuerwehrkostheim.de\/wp-content\/uploads\/2021\/10\/2021-10-07_Lindebruecke-768x354.jpeg 768w, https:\/\/www.feuerwehrkostheim.de\/wp-content\/uploads\/2021\/10\/2021-10-07_Lindebruecke-1536x709.jpeg 1536w, https:\/\/www.feuerwehrkostheim.de\/wp-content\/uploads\/2021\/10\/2021-10-07_Lindebruecke.jpeg 2016w\" sizes=\"(max-width: 300px) 100vw, 300px\" \/><\/a>Am Donnerstagabend musste die Kostheimer Feuerwehr zusammen mit dem Basis-L\u00f6schfahrzeug der Feuerwache 2 zu einer gemeldeten Rauchentwicklung im Bereich der Br\u00fccke in der Kostheimer Landstra\u00dfe ausr\u00fccken. Vor Ort angekommen stellte man \u2013 wie schon diverse Male geschehen \u2013 brennenden Unrat unterhalb der Br\u00fccke, in der alten Unterf\u00fchrung zum Linde-Werk fest. Ein Kamerad der Freiwilligen Wehr r\u00fcstete sich mit Atemschutz aus und l\u00f6schte mit einem Strahlrohr das Feuer. Nach etwas mehr als einer halben Stunde konnte der Einsatz beendet werden und die anger\u00fcckten Kr\u00e4fte r\u00fcckten wieder ein.<\/p>\n","protected":false},"excerpt":{"rendered":"<p>07. Oktober 2021 &#8211; 20:12 Uhr Kostheimer Landstra\u00dfe F 1 Einsatz 58 &#8211; 2021 Am Donnerstagabend musste die Kostheimer Feuerwehr zusammen mit dem Basis-L\u00f6schfahrzeug der Feuerwache 2 zu einer gemeldeten Rauchentwicklung im Bereich der Br\u00fccke in der Kostheimer Landstra\u00dfe ausr\u00fccken. Vor Ort angekommen stellte man \u2013 wie schon diverse Male geschehen \u2013 brennenden Unrat unterhalb [&hellip;]<\/p>\n","protected":false},"author":1,"featured_media":0,"comment_status":"closed","ping_status":"open","sticky":false,"template":"","format":"standard","meta":{"_et_pb_use_builder":"","_et_pb_old_content":"","_et_gb_content_width":"","_crdt_document":"","footnotes":""},"categories":[5],"tags":[44,50,702,1262,31,385,111,1357],"class_list":["post-6108","post","type-post","status-publish","format-standard","hentry","category-einsatze","tag-atemschutz","tag-brand","tag-bruecke","tag-f1","tag-feuer","tag-linde","tag-rauchentwicklung","tag-unrat"],"_links":{"self":[{"href":"https:\/\/www.feuerwehrkostheim.de\/index.php?rest_route=\/wp\/v2\/posts\/6108","targetHints":{"allow":["GET"]}}],"collection":[{"href":"https:\/\/www.feuerwehrkostheim.de\/index.php?rest_route=\/wp\/v2\/posts"}],"about":[{"href":"https:\/\/www.feuerwehrkostheim.de\/index.php?rest_route=\/wp\/v2\/types\/post"}],"author":[{"embeddable":true,"href":"https:\/\/www.feuerwehrkostheim.de\/index.php?rest_route=\/wp\/v2\/users\/1"}],"replies":[{"embeddable":true,"href":"https:\/\/www.feuerwehrkostheim.de\/index.php?rest_route=%2Fwp%2Fv2%2Fcomments&post=6108"}],"version-history":[{"count":2,"href":"https:\/\/www.feuerwehrkostheim.de\/index.php?rest_route=\/wp\/v2\/posts\/6108\/revisions"}],"predecessor-version":[{"id":6110,"href":"https:\/\/www.feuerwehrkostheim.de\/index.php?rest_route=\/wp\/v2\/posts\/6108\/revisions\/6110"}],"wp:attachment":[{"href":"https:\/\/www.feuerwehrkostheim.de\/index.php?rest_route=%2Fwp%2Fv2%2Fmedia&parent=6108"}],"wp:term":[{"taxonomy":"category","embeddable":true,"href":"https:\/\/www.feuerwehrkostheim.de\/index.php?rest_route=%2Fwp%2Fv2%2Fcategories&post=6108"},{"taxonomy":"post_tag","embeddable":true,"href":"https:\/\/www.feuerwehrkostheim.de\/index.php?rest_route=%2Fwp%2Fv2%2Ftags&post=6108"}],"curies":[{"name":"wp","href":"https:\/\/api.w.org\/{rel}","templated":true}]}}