{"id":6049,"date":"2021-07-23T16:00:41","date_gmt":"2021-07-23T14:00:41","guid":{"rendered":"https:\/\/www.feuerwehrkostheim.de\/?p=6049"},"modified":"2021-07-24T16:04:45","modified_gmt":"2021-07-24T14:04:45","slug":"feuer-in-einer-wohnung","status":"publish","type":"post","link":"https:\/\/www.feuerwehrkostheim.de\/?p=6049","title":{"rendered":"Feuer in einer Wohnung"},"content":{"rendered":"<p><img loading=\"lazy\" decoding=\"async\" class=\"alignleft\" title=\"Einsatz-Logo\" src=\"https:\/\/www.feuerwehrkostheim.de\/wp-content\/bilder\/sonstige\/logo_einsatz.jpg\" alt=\"Einsatz-Logo\" width=\"100\" height=\"100\" \/><strong>22. Juli 2021 &#8211; 18:31 Uhr<\/strong><br \/>\n<strong>Alte Winterstra\u00dfe<\/strong><br \/>\nF 2<br \/>\nEinsatz 46 &#8211; 2021<\/p>\n<p>Am Donnerstagabend, gegen 18:30 Uhr, alarmierte die Rettungsleitstelle die Feuerwehr Kostheim zusammen mit dem L\u00f6schzug der Berufsfeuerwehr und dem Rettungsdienst zu einem Brandverdacht im alten Ortskern. Als kurze Zeit sp\u00e4ter das Kostheimer L\u00f6schfahrzeug in der Herrenstra\u00dfe eintraf, konnte man noch eine nicht unerhebliche Rauchentwicklung aus dem ersten Obergeschoss eines Wohnhauses in der Alten Winterstra\u00dfe feststellen. Umgehend r\u00fcstete sich ein Trupp unter Atemschutz aus und ging ins Geb\u00e4ude vor. Zwar war das Feuer bereits durch die Anwohnerin so weit gel\u00f6scht, es mussten jedoch Nachl\u00f6scharbeiten durchgef\u00fchrt und das Brandgut aus der Wohnung ins Freie gebracht werden. Im Anschluss wurde von einem weiteren Trupp unter Atemschutz noch der Boden sowie Teile der Zimmerdecke ge\u00f6ffnet werden, um auszuschlie\u00dfen, dass sich hier noch Glutnester befinden.<br \/>\nInklusive der Aufr\u00fcstzeit f\u00fcr das Fahrzeug dauerte der Einsatz f\u00fcr die Feuerwehr Kostheim insgesamt drei Stunden. Neben dem ausger\u00fcckten L\u00f6schfahrzeug standen noch weitere 11 Einsatzkr\u00e4fte im Ger\u00e4tehaus in Bereitschaft.<\/p>\n","protected":false},"excerpt":{"rendered":"<p>22. Juli 2021 &#8211; 18:31 Uhr Alte Winterstra\u00dfe F 2 Einsatz 46 &#8211; 2021 Am Donnerstagabend, gegen 18:30 Uhr, alarmierte die Rettungsleitstelle die Feuerwehr Kostheim zusammen mit dem L\u00f6schzug der Berufsfeuerwehr und dem Rettungsdienst zu einem Brandverdacht im alten Ortskern. Als kurze Zeit sp\u00e4ter das Kostheimer L\u00f6schfahrzeug in der Herrenstra\u00dfe eintraf, konnte man noch eine [&hellip;]<\/p>\n","protected":false},"author":1,"featured_media":0,"comment_status":"closed","ping_status":"open","sticky":false,"template":"","format":"standard","meta":{"_et_pb_use_builder":"","_et_pb_old_content":"","_et_gb_content_width":"","_crdt_document":"","footnotes":""},"categories":[5],"tags":[44,50,1265,31,470,111,1428,1429,768],"class_list":["post-6049","post","type-post","status-publish","format-standard","hentry","category-einsatze","tag-atemschutz","tag-brand","tag-f2","tag-feuer","tag-person","tag-rauchentwicklung","tag-sin","tag-wintgerstrasse","tag-wohnung"],"_links":{"self":[{"href":"https:\/\/www.feuerwehrkostheim.de\/index.php?rest_route=\/wp\/v2\/posts\/6049","targetHints":{"allow":["GET"]}}],"collection":[{"href":"https:\/\/www.feuerwehrkostheim.de\/index.php?rest_route=\/wp\/v2\/posts"}],"about":[{"href":"https:\/\/www.feuerwehrkostheim.de\/index.php?rest_route=\/wp\/v2\/types\/post"}],"author":[{"embeddable":true,"href":"https:\/\/www.feuerwehrkostheim.de\/index.php?rest_route=\/wp\/v2\/users\/1"}],"replies":[{"embeddable":true,"href":"https:\/\/www.feuerwehrkostheim.de\/index.php?rest_route=%2Fwp%2Fv2%2Fcomments&post=6049"}],"version-history":[{"count":1,"href":"https:\/\/www.feuerwehrkostheim.de\/index.php?rest_route=\/wp\/v2\/posts\/6049\/revisions"}],"predecessor-version":[{"id":6050,"href":"https:\/\/www.feuerwehrkostheim.de\/index.php?rest_route=\/wp\/v2\/posts\/6049\/revisions\/6050"}],"wp:attachment":[{"href":"https:\/\/www.feuerwehrkostheim.de\/index.php?rest_route=%2Fwp%2Fv2%2Fmedia&parent=6049"}],"wp:term":[{"taxonomy":"category","embeddable":true,"href":"https:\/\/www.feuerwehrkostheim.de\/index.php?rest_route=%2Fwp%2Fv2%2Fcategories&post=6049"},{"taxonomy":"post_tag","embeddable":true,"href":"https:\/\/www.feuerwehrkostheim.de\/index.php?rest_route=%2Fwp%2Fv2%2Ftags&post=6049"}],"curies":[{"name":"wp","href":"https:\/\/api.w.org\/{rel}","templated":true}]}}