{"id":6042,"date":"2021-07-21T14:19:01","date_gmt":"2021-07-21T12:19:01","guid":{"rendered":"https:\/\/www.feuerwehrkostheim.de\/?p=6042"},"modified":"2021-07-21T14:24:29","modified_gmt":"2021-07-21T12:24:29","slug":"ueberoertliche-hilfe-bereitstellung-im-katastrophengebiet","status":"publish","type":"post","link":"https:\/\/www.feuerwehrkostheim.de\/?p=6042","title":{"rendered":"\u00dcber\u00f6rtliche Hilfe &#8211; Bereitstellung im Katastrophengebiet"},"content":{"rendered":"<p><img loading=\"lazy\" decoding=\"async\" class=\"alignleft\" title=\"Einsatz-Logo\" src=\"https:\/\/www.feuerwehrkostheim.de\/wp-content\/bilder\/sonstige\/logo_einsatz.jpg\" alt=\"Einsatz-Logo\" width=\"100\" height=\"100\" \/><strong>17. Juli 2021 01:30 Uhr &#8211; 18. Juli 2021 &#8211; 16:00 Uhr<\/strong><br \/>\n<strong>Messe D\u00fcsseldorf<\/strong><br \/>\nALARM L\u00c4NDEREINSATZ<br \/>\nEinsatz 45 &#8211; 2021<\/p>\n<p><a href=\"https:\/\/www.flickr.com\/photos\/ffkostheim\/albums\/72157719570804801\" target=\"_blank\" rel=\"noopener\"><img loading=\"lazy\" decoding=\"async\" class=\"alignright size-large\" src=\"https:\/\/live.staticflickr.com\/65535\/51324114761_ef5156a033_n.jpg\" width=\"320\" height=\"240\" \/><\/a>Ungef\u00e4hr 500 Eins\u00e4tze abgearbeitet, 20 Personen gerettet und knapp 30 verletzte Personen versorgt \u2013 das ist die Bilanz des l\u00e4nder\u00fcbergreifenden Einsatzes von insgesamt vier hessischen Verb\u00e4nden, die von Donnerstag bis Sonntag im Bereich Nordrhein-Westfalen im Einsatz waren. Die Einheiten, bestehend aus Kr\u00e4ften von Feuerwehr und Betreuungseinheiten starteten am Donnerstagmittag in Richtung D\u00fcsseldorf und kehrten am Sonntagmittag wieder zu ihren Standorten zur\u00fcck.<\/p>\n<p>Die beim ersten Abmarsch ausger\u00fcckten Einheiten aus Wiesbaden wurden am Samstagmorgen durch frische Kr\u00e4fte ausgetauscht. Hierunter war auch eine L\u00f6schgruppe der Kostheimer Feuerwehr. Die Kameraden trafen sich am Samstagmorgen um halb eins am Feuerwehrger\u00e4tehaus und wurden durch Mannschaftsfahrzeuge der Feuerwehren Kastel und Auringen zuerst zum zentralen Sammelpunkt aller Wiesbadener Einheiten auf der Feuerwache 1 gefahren, bevor man gegen 3 Uhr im Konvoi in Richtung D\u00fcsseldorf aufbrach.<\/p>\n<p><!--more--><br \/>\n<a href=\"https:\/\/www.flickr.com\/photos\/ffkostheim\/albums\/72157719570804801\" target=\"_blank\" rel=\"noopener\"><img loading=\"lazy\" decoding=\"async\" class=\"alignleft size-large\" src=\"https:\/\/live.staticflickr.com\/65535\/51324220216_90e4bcdae4_n.jpg\" width=\"320\" height=\"180\" \/><\/a>Gegen 7 Uhr vollzog man die Abl\u00f6sung auf dem Messegel\u00e4nde und stellte somit den 3. Hessischen Einsatzverband wieder einsatzbereit. Obwohl man voller Tatendrang war, verblieb man den Tag \u00fcber auf der Messe in Bereitschaft. Die restlichen Einheiten des hessischen Kontingentes waren wie schon am Tag zuvor im Bereich Stolberg eingesetzt.<br \/>\nDa alle Einsatzkr\u00e4fte aus Hessen durch Kr\u00e4fte aus Niedersachsen am Sonntagmorgen aus dem Hilfseinsatz ausgel\u00f6st wurden, fuhren alle hessischen Einsatzfahrzeuge samt Personal nach der Verabschiedung wieder in Richtung ihrer Heimatstandorte.<\/p>\n<p>[FAGP id=6043]<\/p>\n","protected":false},"excerpt":{"rendered":"<p>17. Juli 2021 01:30 Uhr &#8211; 18. Juli 2021 &#8211; 16:00 Uhr Messe D\u00fcsseldorf ALARM L\u00c4NDEREINSATZ Einsatz 45 &#8211; 2021 Ungef\u00e4hr 500 Eins\u00e4tze abgearbeitet, 20 Personen gerettet und knapp 30 verletzte Personen versorgt \u2013 das ist die Bilanz des l\u00e4nder\u00fcbergreifenden Einsatzes von insgesamt vier hessischen Verb\u00e4nden, die von Donnerstag bis Sonntag im Bereich Nordrhein-Westfalen im [&hellip;]<\/p>\n","protected":false},"author":1,"featured_media":0,"comment_status":"closed","ping_status":"open","sticky":false,"template":"","format":"standard","meta":{"_et_pb_use_builder":"","_et_pb_old_content":"","_et_gb_content_width":"","_crdt_document":"","footnotes":""},"categories":[1],"tags":[1035,890,1427,394,388,1424,1426,89,1425],"class_list":["post-6042","post","type-post","status-publish","format-standard","hentry","category-allgemein","tag-bereitstellung","tag-bereitstellungsraum","tag-duesseldorf","tag-hochwasser","tag-katastrophe","tag-laendereinsatz","tag-messe","tag-unwetter","tag-verband"],"_links":{"self":[{"href":"https:\/\/www.feuerwehrkostheim.de\/index.php?rest_route=\/wp\/v2\/posts\/6042","targetHints":{"allow":["GET"]}}],"collection":[{"href":"https:\/\/www.feuerwehrkostheim.de\/index.php?rest_route=\/wp\/v2\/posts"}],"about":[{"href":"https:\/\/www.feuerwehrkostheim.de\/index.php?rest_route=\/wp\/v2\/types\/post"}],"author":[{"embeddable":true,"href":"https:\/\/www.feuerwehrkostheim.de\/index.php?rest_route=\/wp\/v2\/users\/1"}],"replies":[{"embeddable":true,"href":"https:\/\/www.feuerwehrkostheim.de\/index.php?rest_route=%2Fwp%2Fv2%2Fcomments&post=6042"}],"version-history":[{"count":5,"href":"https:\/\/www.feuerwehrkostheim.de\/index.php?rest_route=\/wp\/v2\/posts\/6042\/revisions"}],"predecessor-version":[{"id":6048,"href":"https:\/\/www.feuerwehrkostheim.de\/index.php?rest_route=\/wp\/v2\/posts\/6042\/revisions\/6048"}],"wp:attachment":[{"href":"https:\/\/www.feuerwehrkostheim.de\/index.php?rest_route=%2Fwp%2Fv2%2Fmedia&parent=6042"}],"wp:term":[{"taxonomy":"category","embeddable":true,"href":"https:\/\/www.feuerwehrkostheim.de\/index.php?rest_route=%2Fwp%2Fv2%2Fcategories&post=6042"},{"taxonomy":"post_tag","embeddable":true,"href":"https:\/\/www.feuerwehrkostheim.de\/index.php?rest_route=%2Fwp%2Fv2%2Ftags&post=6042"}],"curies":[{"name":"wp","href":"https:\/\/api.w.org\/{rel}","templated":true}]}}