{"id":6037,"date":"2021-07-15T22:06:57","date_gmt":"2021-07-15T20:06:57","guid":{"rendered":"https:\/\/www.feuerwehrkostheim.de\/?p=6037"},"modified":"2021-07-15T23:25:49","modified_gmt":"2021-07-15T21:25:49","slug":"hochwasserkatastrophe-in-westdeutschland-kostheimer-wehr-unterstuetzt-ab-samstag","status":"publish","type":"post","link":"https:\/\/www.feuerwehrkostheim.de\/?p=6037","title":{"rendered":"Hochwasserkatastrophe in Westdeutschland &#8211; Kostheimer Wehr unterst\u00fctzt ab Samstag"},"content":{"rendered":"<p><a href=\"https:\/\/www.feuerwehrkostheim.de\/wp-content\/uploads\/2021\/07\/2021-02-02_-Hochwasser.jpg\" target=\"_blank\" rel=\"noopener\"><img loading=\"lazy\" decoding=\"async\" class=\"alignright wp-image-6036\" style=\"border: 4px solid #D8D8D8;\" src=\"https:\/\/www.feuerwehrkostheim.de\/wp-content\/uploads\/2021\/07\/2021-02-02_-Hochwasser.jpg\" alt=\"\" width=\"288\" height=\"216\" srcset=\"https:\/\/www.feuerwehrkostheim.de\/wp-content\/uploads\/2021\/07\/2021-02-02_-Hochwasser.jpg 1008w, https:\/\/www.feuerwehrkostheim.de\/wp-content\/uploads\/2021\/07\/2021-02-02_-Hochwasser-300x225.jpg 300w, https:\/\/www.feuerwehrkostheim.de\/wp-content\/uploads\/2021\/07\/2021-02-02_-Hochwasser-768x576.jpg 768w\" sizes=\"(max-width: 288px) 100vw, 288px\" \/><\/a>Die Bilder, die seit gestern durch die Medien gehen, lassen nicht ann\u00e4hend erahnen, was die Hochwasserkatastrophe in den betroffenen Regionen derzeit anrichtet oder angerichtet hat. W\u00e4hrend die dortigen Einsatzkr\u00e4fte an Ihre Belastungsgrenzen kommen, ist die \u00fcber\u00f6rtliche Unterst\u00fctzung angelaufen.<\/p>\n<p>W\u00e4hrend aus Wiesbaden im ersten Abmarsch die H\u00f6henretter angefordert wurden und im Hochwassergebiet zum Einsatz gekommen sind, ist in den Mittagsstunden zus\u00e4tzliche Unterst\u00fctzung in Richtung Nordrhein-Westfalen ausger\u00fcckt. Neben F\u00fchrungskr\u00e4ften von Berufsfeuerwehr und Einsatzleitung Rettungsdienst ist ein L\u00f6schzug der Freiwilligen Feuerwehren mit Einsatzkr\u00e4ften aus Frauenstein, Naurod, Nordenstadt und Schierstein beteiligt, au\u00dferdem auch ein Betreuungszug der Hilfsorganisationen ASB und JUH. Die Einsatzkr\u00e4fte bilden einen Teil des Hilfskontingentes, das vom Land Hessen aus in die Katastrophenregion entsandt wurde.<\/p>\n<p>Aktuell ist vorgesehen, dass die Kostheimer Feuerwehr mit einem L\u00f6schfahrzeug zusammen mit weiteren Einheiten aus Wiesbaden am Samstagvormittag ebenfalls ins Nordrhein-Westf\u00e4lische Schadensgebiet ausr\u00fcckt.<\/p>\n<p><em><strong>W\u00e4hrend die Vorplanungen f\u00fcr den Einsatz laufen, sind die Gedanken der Feuerwehr Kostheim bei den vielen Betroffenen der Katastrophe, die nicht nur ihr Hab und Gut verloren haben, sondern besonders auch den Angeh\u00f6rigen der vielen Todesopfer.<\/strong><\/em><\/p>\n<p>&nbsp;<\/p>\n","protected":false},"excerpt":{"rendered":"<p>Die Bilder, die seit gestern durch die Medien gehen, lassen nicht ann\u00e4hend erahnen, was die Hochwasserkatastrophe in den betroffenen Regionen derzeit anrichtet oder angerichtet hat. W\u00e4hrend die dortigen Einsatzkr\u00e4fte an Ihre Belastungsgrenzen kommen, ist die \u00fcber\u00f6rtliche Unterst\u00fctzung angelaufen. W\u00e4hrend aus Wiesbaden im ersten Abmarsch die H\u00f6henretter angefordert wurden und im Hochwassergebiet zum Einsatz gekommen sind, [&hellip;]<\/p>\n","protected":false},"author":1,"featured_media":0,"comment_status":"closed","ping_status":"open","sticky":false,"template":"","format":"standard","meta":{"_et_pb_use_builder":"","_et_pb_old_content":"","_et_gb_content_width":"","_crdt_document":"","footnotes":""},"categories":[4],"tags":[1422,394,1420,1421,1423,441,330],"class_list":["post-6037","post","type-post","status-publish","format-standard","hentry","category-einsatzabteilung","tag-hessen","tag-hochwasser","tag-hochwasserkatastrophe","tag-nrw","tag-ueberoertlich","tag-unterstutzung","tag-wiesbaden"],"_links":{"self":[{"href":"https:\/\/www.feuerwehrkostheim.de\/index.php?rest_route=\/wp\/v2\/posts\/6037","targetHints":{"allow":["GET"]}}],"collection":[{"href":"https:\/\/www.feuerwehrkostheim.de\/index.php?rest_route=\/wp\/v2\/posts"}],"about":[{"href":"https:\/\/www.feuerwehrkostheim.de\/index.php?rest_route=\/wp\/v2\/types\/post"}],"author":[{"embeddable":true,"href":"https:\/\/www.feuerwehrkostheim.de\/index.php?rest_route=\/wp\/v2\/users\/1"}],"replies":[{"embeddable":true,"href":"https:\/\/www.feuerwehrkostheim.de\/index.php?rest_route=%2Fwp%2Fv2%2Fcomments&post=6037"}],"version-history":[{"count":3,"href":"https:\/\/www.feuerwehrkostheim.de\/index.php?rest_route=\/wp\/v2\/posts\/6037\/revisions"}],"predecessor-version":[{"id":6040,"href":"https:\/\/www.feuerwehrkostheim.de\/index.php?rest_route=\/wp\/v2\/posts\/6037\/revisions\/6040"}],"wp:attachment":[{"href":"https:\/\/www.feuerwehrkostheim.de\/index.php?rest_route=%2Fwp%2Fv2%2Fmedia&parent=6037"}],"wp:term":[{"taxonomy":"category","embeddable":true,"href":"https:\/\/www.feuerwehrkostheim.de\/index.php?rest_route=%2Fwp%2Fv2%2Fcategories&post=6037"},{"taxonomy":"post_tag","embeddable":true,"href":"https:\/\/www.feuerwehrkostheim.de\/index.php?rest_route=%2Fwp%2Fv2%2Ftags&post=6037"}],"curies":[{"name":"wp","href":"https:\/\/api.w.org\/{rel}","templated":true}]}}