{"id":6028,"date":"2021-07-09T21:03:37","date_gmt":"2021-07-09T19:03:37","guid":{"rendered":"https:\/\/www.feuerwehrkostheim.de\/?p=6028"},"modified":"2021-07-09T21:05:05","modified_gmt":"2021-07-09T19:05:05","slug":"gemeldeter-kuechenbrand-in-der-siedlung","status":"publish","type":"post","link":"https:\/\/www.feuerwehrkostheim.de\/?p=6028","title":{"rendered":"Gemeldeter K\u00fcchenbrand in der Siedlung"},"content":{"rendered":"<p><img loading=\"lazy\" decoding=\"async\" class=\"alignleft\" title=\"Einsatz-Logo\" src=\"https:\/\/www.feuerwehrkostheim.de\/wp-content\/bilder\/sonstige\/logo_einsatz.jpg\" alt=\"Einsatz-Logo\" width=\"100\" height=\"100\" \/><strong>09. Juli 2021 &#8211; 17:50 Uhr<\/strong><br \/>\n<strong>Salzburger Stra\u00dfe<\/strong><br \/>\nF 2\/ Alarmgruppe mit FF-Kastel<br \/>\nEinsatz 43 &#8211; 2021<\/p>\n<p><a href=\"https:\/\/www.feuerwehrkostheim.de\/wp-content\/uploads\/2021\/07\/2021-07-09_Kochgut-Siedlung.jpg\" target=\"_blank\" rel=\"noopener\"><img loading=\"lazy\" decoding=\"async\" class=\"alignright wp-image-6027\" style=\"border: 4px solid #D8D8D8;\" src=\"https:\/\/www.feuerwehrkostheim.de\/wp-content\/uploads\/2021\/07\/2021-07-09_Kochgut-Siedlung-1024x768.jpg\" width=\"278\" height=\"208\" srcset=\"https:\/\/www.feuerwehrkostheim.de\/wp-content\/uploads\/2021\/07\/2021-07-09_Kochgut-Siedlung-1024x768.jpg 1024w, https:\/\/www.feuerwehrkostheim.de\/wp-content\/uploads\/2021\/07\/2021-07-09_Kochgut-Siedlung-300x225.jpg 300w, https:\/\/www.feuerwehrkostheim.de\/wp-content\/uploads\/2021\/07\/2021-07-09_Kochgut-Siedlung-768x576.jpg 768w, https:\/\/www.feuerwehrkostheim.de\/wp-content\/uploads\/2021\/07\/2021-07-09_Kochgut-Siedlung-1536x1152.jpg 1536w, https:\/\/www.feuerwehrkostheim.de\/wp-content\/uploads\/2021\/07\/2021-07-09_Kochgut-Siedlung.jpg 2016w\" sizes=\"(max-width: 278px) 100vw, 278px\" \/><\/a>Am fr\u00fchen Freitagabend musste die Feuerwehr Kostheim zusammen mit dem L\u00f6schzug der Berufsfeuerwehr in die Kostheimer Siedlung ausr\u00fccken &#8211; aus der Salzburger Stra\u00dfe wurde ein K\u00fcchenbrand gemeldet. Beim Eintreffen des Kostheimer L\u00f6schfahrzeuges empfingen Passanten die Einsatzkr\u00e4fte und lotsten sie zum betroffenen Mehrfamilienhaus. Die Erkundung des Gruppenf\u00fchrers ergab zum Gl\u00fcck kein offenes Feuer, sondern stellte angebranntes Kochgut als Ursache f\u00fcr den eingegangen Notruf. Die Feuerwehr musste nicht mehr t\u00e4tig werden und konnte nach Aufnahme der Personalien wieder einr\u00fccken.<\/p>\n","protected":false},"excerpt":{"rendered":"<p>09. Juli 2021 &#8211; 17:50 Uhr Salzburger Stra\u00dfe F 2\/ Alarmgruppe mit FF-Kastel Einsatz 43 &#8211; 2021 Am fr\u00fchen Freitagabend musste die Feuerwehr Kostheim zusammen mit dem L\u00f6schzug der Berufsfeuerwehr in die Kostheimer Siedlung ausr\u00fccken &#8211; aus der Salzburger Stra\u00dfe wurde ein K\u00fcchenbrand gemeldet. Beim Eintreffen des Kostheimer L\u00f6schfahrzeuges empfingen Passanten die Einsatzkr\u00e4fte und lotsten [&hellip;]<\/p>\n","protected":false},"author":1,"featured_media":0,"comment_status":"closed","ping_status":"open","sticky":false,"template":"","format":"standard","meta":{"_et_pb_use_builder":"","_et_pb_old_content":"","_et_gb_content_width":"","_crdt_document":"","footnotes":""},"categories":[1],"tags":[110,341,112,1265,159,116,335],"class_list":["post-6028","post","type-post","status-publish","format-standard","hentry","category-allgemein","tag-alarmgruppe","tag-angebranntes","tag-brandverdacht","tag-f2","tag-kochgut","tag-kuchenbrand","tag-siedlung"],"_links":{"self":[{"href":"https:\/\/www.feuerwehrkostheim.de\/index.php?rest_route=\/wp\/v2\/posts\/6028","targetHints":{"allow":["GET"]}}],"collection":[{"href":"https:\/\/www.feuerwehrkostheim.de\/index.php?rest_route=\/wp\/v2\/posts"}],"about":[{"href":"https:\/\/www.feuerwehrkostheim.de\/index.php?rest_route=\/wp\/v2\/types\/post"}],"author":[{"embeddable":true,"href":"https:\/\/www.feuerwehrkostheim.de\/index.php?rest_route=\/wp\/v2\/users\/1"}],"replies":[{"embeddable":true,"href":"https:\/\/www.feuerwehrkostheim.de\/index.php?rest_route=%2Fwp%2Fv2%2Fcomments&post=6028"}],"version-history":[{"count":2,"href":"https:\/\/www.feuerwehrkostheim.de\/index.php?rest_route=\/wp\/v2\/posts\/6028\/revisions"}],"predecessor-version":[{"id":6033,"href":"https:\/\/www.feuerwehrkostheim.de\/index.php?rest_route=\/wp\/v2\/posts\/6028\/revisions\/6033"}],"wp:attachment":[{"href":"https:\/\/www.feuerwehrkostheim.de\/index.php?rest_route=%2Fwp%2Fv2%2Fmedia&parent=6028"}],"wp:term":[{"taxonomy":"category","embeddable":true,"href":"https:\/\/www.feuerwehrkostheim.de\/index.php?rest_route=%2Fwp%2Fv2%2Fcategories&post=6028"},{"taxonomy":"post_tag","embeddable":true,"href":"https:\/\/www.feuerwehrkostheim.de\/index.php?rest_route=%2Fwp%2Fv2%2Ftags&post=6028"}],"curies":[{"name":"wp","href":"https:\/\/api.w.org\/{rel}","templated":true}]}}