{"id":6019,"date":"2021-06-19T13:33:20","date_gmt":"2021-06-19T11:33:20","guid":{"rendered":"https:\/\/www.feuerwehrkostheim.de\/?p=6019"},"modified":"2021-06-26T13:41:21","modified_gmt":"2021-06-26T11:41:21","slug":"gewollter-abbrand-loest-feuerwehreinsatz-aus","status":"publish","type":"post","link":"https:\/\/www.feuerwehrkostheim.de\/?p=6019","title":{"rendered":"Gewollter Abbrand l\u00f6st Feuerwehreinsatz aus"},"content":{"rendered":"<p><img loading=\"lazy\" decoding=\"async\" class=\"alignleft\" title=\"Einsatz-Logo\" src=\"https:\/\/www.feuerwehrkostheim.de\/wp-content\/bilder\/sonstige\/logo_einsatz.jpg\" alt=\"Einsatz-Logo\" width=\"100\" height=\"100\" \/><strong>18. Juni 2021 &#8211; 10:54 Uhr<\/strong><br \/>\n<strong>Wiesbadener Landstra\u00dfe<\/strong><br \/>\nF 2 \/ Alarmgruppe mit FF-Kastel<br \/>\nEinsatz 38 &#8211; 2021<\/p>\n<p>Am Freitagvormittag r\u00fcckte das Kostheimer L\u00f6schfahrzeug zu einem gemeldeten Brandverdacht in die Wiesbadener Landstra\u00dfe in Am\u00f6neburg aus. Der ebenfalls dorthin beorderte L\u00f6schzug der Feuerwache 2 traf kurz nach der Alarmierung dort ein und konnte feststellen, dass es sich bei dem Feuer um einen gewollten Abbrand handelte. Somit konnte die Feuerwehr unverrichtet Dinge wieder einr\u00fccken und die Kostheimer brachen Ihre Einsatzfahrt ab.<\/p>\n","protected":false},"excerpt":{"rendered":"<p>18. Juni 2021 &#8211; 10:54 Uhr Wiesbadener Landstra\u00dfe F 2 \/ Alarmgruppe mit FF-Kastel Einsatz 38 &#8211; 2021 Am Freitagvormittag r\u00fcckte das Kostheimer L\u00f6schfahrzeug zu einem gemeldeten Brandverdacht in die Wiesbadener Landstra\u00dfe in Am\u00f6neburg aus. Der ebenfalls dorthin beorderte L\u00f6schzug der Feuerwache 2 traf kurz nach der Alarmierung dort ein und konnte feststellen, dass es [&hellip;]<\/p>\n","protected":false},"author":1,"featured_media":0,"comment_status":"closed","ping_status":"open","sticky":false,"template":"","format":"standard","meta":{"_et_pb_use_builder":"","_et_pb_old_content":"","_et_gb_content_width":"","_crdt_document":"","footnotes":""},"categories":[5],"tags":[1413,110,112,1265,932],"class_list":["post-6019","post","type-post","status-publish","format-standard","hentry","category-einsatze","tag-abbrand","tag-alarmgruppe","tag-brandverdacht","tag-f2","tag-gewollter-abbrand"],"_links":{"self":[{"href":"https:\/\/www.feuerwehrkostheim.de\/index.php?rest_route=\/wp\/v2\/posts\/6019","targetHints":{"allow":["GET"]}}],"collection":[{"href":"https:\/\/www.feuerwehrkostheim.de\/index.php?rest_route=\/wp\/v2\/posts"}],"about":[{"href":"https:\/\/www.feuerwehrkostheim.de\/index.php?rest_route=\/wp\/v2\/types\/post"}],"author":[{"embeddable":true,"href":"https:\/\/www.feuerwehrkostheim.de\/index.php?rest_route=\/wp\/v2\/users\/1"}],"replies":[{"embeddable":true,"href":"https:\/\/www.feuerwehrkostheim.de\/index.php?rest_route=%2Fwp%2Fv2%2Fcomments&post=6019"}],"version-history":[{"count":1,"href":"https:\/\/www.feuerwehrkostheim.de\/index.php?rest_route=\/wp\/v2\/posts\/6019\/revisions"}],"predecessor-version":[{"id":6020,"href":"https:\/\/www.feuerwehrkostheim.de\/index.php?rest_route=\/wp\/v2\/posts\/6019\/revisions\/6020"}],"wp:attachment":[{"href":"https:\/\/www.feuerwehrkostheim.de\/index.php?rest_route=%2Fwp%2Fv2%2Fmedia&parent=6019"}],"wp:term":[{"taxonomy":"category","embeddable":true,"href":"https:\/\/www.feuerwehrkostheim.de\/index.php?rest_route=%2Fwp%2Fv2%2Fcategories&post=6019"},{"taxonomy":"post_tag","embeddable":true,"href":"https:\/\/www.feuerwehrkostheim.de\/index.php?rest_route=%2Fwp%2Fv2%2Ftags&post=6019"}],"curies":[{"name":"wp","href":"https:\/\/api.w.org\/{rel}","templated":true}]}}