{"id":6015,"date":"2021-06-24T13:57:21","date_gmt":"2021-06-24T11:57:21","guid":{"rendered":"https:\/\/www.feuerwehrkostheim.de\/?p=6015"},"modified":"2021-06-26T13:44:07","modified_gmt":"2021-06-26T11:44:07","slug":"einsatz-im-kasteler-gewerbegebiet","status":"publish","type":"post","link":"https:\/\/www.feuerwehrkostheim.de\/?p=6015","title":{"rendered":"Einsatz im Kasteler Gewerbegebiet"},"content":{"rendered":"<p><img loading=\"lazy\" decoding=\"async\" class=\"alignleft\" title=\"Einsatz-Logo\" src=\"https:\/\/www.feuerwehrkostheim.de\/wp-content\/bilder\/sonstige\/logo_einsatz.jpg\" alt=\"Einsatz-Logo\" width=\"100\" height=\"100\" \/><strong>24. Juni 2021 &#8211; 10:15 Uhr<\/strong><br \/>\n<strong>Anna-Birle-Stra\u00dfe<\/strong><br \/>\nF 2 \/ Alarmgruppe mit FF-Kastel<br \/>\nEinsatz 39 &#8211; 2021<\/p>\n<p>Zu einem gemeldeten Kabelbrand r\u00fcckte die Feuerwehr Kostheim zusammen mit den Kollegen aus Kastel und dem L\u00f6schzug der Feuerwache 2 am Donnerstagvormittag ins Kasteler Gewerbegebiet aus. Obwohl die Ursache f\u00fcr die Rauchentwicklung im Geb\u00e4ude \u00e4u\u00dferst begrenzt und mit wenig Aufwand beseitigt werden konnte, kontrollierte man die betroffenen R\u00e4umlichkeiten sowie angrenzenden Stockwerke und sorgte anschlie\u00dfend wieder f\u00fcr Rauchfreiheit. Der Einsatz f\u00fcr die Kostheimer Wehr war nach anderthalb Stunden beendet.<\/p>\n","protected":false},"excerpt":{"rendered":"<p>24. Juni 2021 &#8211; 10:15 Uhr Anna-Birle-Stra\u00dfe F 2 \/ Alarmgruppe mit FF-Kastel Einsatz 39 &#8211; 2021 Zu einem gemeldeten Kabelbrand r\u00fcckte die Feuerwehr Kostheim zusammen mit den Kollegen aus Kastel und dem L\u00f6schzug der Feuerwache 2 am Donnerstagvormittag ins Kasteler Gewerbegebiet aus. Obwohl die Ursache f\u00fcr die Rauchentwicklung im Geb\u00e4ude \u00e4u\u00dferst begrenzt und mit [&hellip;]<\/p>\n","protected":false},"author":1,"featured_media":0,"comment_status":"closed","ping_status":"open","sticky":false,"template":"","format":"standard","meta":{"_et_pb_use_builder":"","_et_pb_old_content":"","_et_gb_content_width":"","_crdt_document":"","footnotes":""},"categories":[5],"tags":[110,112,1265,1407],"class_list":["post-6015","post","type-post","status-publish","format-standard","hentry","category-einsatze","tag-alarmgruppe","tag-brandverdacht","tag-f2","tag-kabelbrand"],"_links":{"self":[{"href":"https:\/\/www.feuerwehrkostheim.de\/index.php?rest_route=\/wp\/v2\/posts\/6015","targetHints":{"allow":["GET"]}}],"collection":[{"href":"https:\/\/www.feuerwehrkostheim.de\/index.php?rest_route=\/wp\/v2\/posts"}],"about":[{"href":"https:\/\/www.feuerwehrkostheim.de\/index.php?rest_route=\/wp\/v2\/types\/post"}],"author":[{"embeddable":true,"href":"https:\/\/www.feuerwehrkostheim.de\/index.php?rest_route=\/wp\/v2\/users\/1"}],"replies":[{"embeddable":true,"href":"https:\/\/www.feuerwehrkostheim.de\/index.php?rest_route=%2Fwp%2Fv2%2Fcomments&post=6015"}],"version-history":[{"count":2,"href":"https:\/\/www.feuerwehrkostheim.de\/index.php?rest_route=\/wp\/v2\/posts\/6015\/revisions"}],"predecessor-version":[{"id":6021,"href":"https:\/\/www.feuerwehrkostheim.de\/index.php?rest_route=\/wp\/v2\/posts\/6015\/revisions\/6021"}],"wp:attachment":[{"href":"https:\/\/www.feuerwehrkostheim.de\/index.php?rest_route=%2Fwp%2Fv2%2Fmedia&parent=6015"}],"wp:term":[{"taxonomy":"category","embeddable":true,"href":"https:\/\/www.feuerwehrkostheim.de\/index.php?rest_route=%2Fwp%2Fv2%2Fcategories&post=6015"},{"taxonomy":"post_tag","embeddable":true,"href":"https:\/\/www.feuerwehrkostheim.de\/index.php?rest_route=%2Fwp%2Fv2%2Ftags&post=6015"}],"curies":[{"name":"wp","href":"https:\/\/api.w.org\/{rel}","templated":true}]}}