{"id":6012,"date":"2021-06-17T15:32:03","date_gmt":"2021-06-17T13:32:03","guid":{"rendered":"https:\/\/www.feuerwehrkostheim.de\/?p=6012"},"modified":"2021-06-17T15:32:03","modified_gmt":"2021-06-17T13:32:03","slug":"erneute-einsatzbereitschaft-wegen-feuer-in-der-innenstadt","status":"publish","type":"post","link":"https:\/\/www.feuerwehrkostheim.de\/?p=6012","title":{"rendered":"Erneute Einsatzbereitschaft wegen Feuer in der Innenstadt"},"content":{"rendered":"<p><img loading=\"lazy\" decoding=\"async\" class=\"alignleft\" title=\"Einsatz-Logo\" src=\"https:\/\/www.feuerwehrkostheim.de\/wp-content\/bilder\/sonstige\/logo_einsatz.jpg\" alt=\"Einsatz-Logo\" width=\"100\" height=\"100\" \/><strong>16. Juni 2021 &#8211; 16:11 Uhr<\/strong><br \/>\n<strong>Ger\u00e4tehaus Kostheim<\/strong><br \/>\nS WB<br \/>\nEinsatz 37 &#8211; 2021<\/p>\n<p>Wegen eines gr\u00f6\u00dferen Brandes in der Wiesbadener Innenstadt am Mittwochnachmittag, bei dem zeitweise unter anderem alle drei Berufsfeuerwachen eingesetzt waren, wurde die Kostheimer Feuerwehr f\u00fcr etwaige Paralleleins\u00e4tze zur Wachbesetzung alarmiert. Durch die immer noch geltenden Corona-Schutzma\u00dfnahmen verblieben die Kameraden im \u00f6rtlichen Ger\u00e4tehaus in Bereitschaft. Nach etwas mehr als einer Stunde konnte diese ohne weitere Eins\u00e4tze wieder aufgehoben werden. Seitens der Feuerwehr Kostheim waren beide L\u00f6schfahrzeuge mit Personal besetzt und h\u00e4tten im Bedarfsfall direkt ausr\u00fccken k\u00f6nnen.<\/p>\n","protected":false},"excerpt":{"rendered":"<p>16. Juni 2021 &#8211; 16:11 Uhr Ger\u00e4tehaus Kostheim S WB Einsatz 37 &#8211; 2021 Wegen eines gr\u00f6\u00dferen Brandes in der Wiesbadener Innenstadt am Mittwochnachmittag, bei dem zeitweise unter anderem alle drei Berufsfeuerwachen eingesetzt waren, wurde die Kostheimer Feuerwehr f\u00fcr etwaige Paralleleins\u00e4tze zur Wachbesetzung alarmiert. Durch die immer noch geltenden Corona-Schutzma\u00dfnahmen verblieben die Kameraden im \u00f6rtlichen [&hellip;]<\/p>\n","protected":false},"author":1,"featured_media":0,"comment_status":"closed","ping_status":"open","sticky":false,"template":"","format":"standard","meta":{"_et_pb_use_builder":"","_et_pb_old_content":"","_et_gb_content_width":"","_crdt_document":"","footnotes":""},"categories":[5],"tags":[31,1186,1305,243],"class_list":["post-6012","post","type-post","status-publish","format-standard","hentry","category-einsatze","tag-feuer","tag-innenstadt","tag-swb","tag-wachbesetzung"],"_links":{"self":[{"href":"https:\/\/www.feuerwehrkostheim.de\/index.php?rest_route=\/wp\/v2\/posts\/6012","targetHints":{"allow":["GET"]}}],"collection":[{"href":"https:\/\/www.feuerwehrkostheim.de\/index.php?rest_route=\/wp\/v2\/posts"}],"about":[{"href":"https:\/\/www.feuerwehrkostheim.de\/index.php?rest_route=\/wp\/v2\/types\/post"}],"author":[{"embeddable":true,"href":"https:\/\/www.feuerwehrkostheim.de\/index.php?rest_route=\/wp\/v2\/users\/1"}],"replies":[{"embeddable":true,"href":"https:\/\/www.feuerwehrkostheim.de\/index.php?rest_route=%2Fwp%2Fv2%2Fcomments&post=6012"}],"version-history":[{"count":1,"href":"https:\/\/www.feuerwehrkostheim.de\/index.php?rest_route=\/wp\/v2\/posts\/6012\/revisions"}],"predecessor-version":[{"id":6013,"href":"https:\/\/www.feuerwehrkostheim.de\/index.php?rest_route=\/wp\/v2\/posts\/6012\/revisions\/6013"}],"wp:attachment":[{"href":"https:\/\/www.feuerwehrkostheim.de\/index.php?rest_route=%2Fwp%2Fv2%2Fmedia&parent=6012"}],"wp:term":[{"taxonomy":"category","embeddable":true,"href":"https:\/\/www.feuerwehrkostheim.de\/index.php?rest_route=%2Fwp%2Fv2%2Fcategories&post=6012"},{"taxonomy":"post_tag","embeddable":true,"href":"https:\/\/www.feuerwehrkostheim.de\/index.php?rest_route=%2Fwp%2Fv2%2Ftags&post=6012"}],"curies":[{"name":"wp","href":"https:\/\/api.w.org\/{rel}","templated":true}]}}