{"id":6010,"date":"2021-06-13T15:15:34","date_gmt":"2021-06-13T13:15:34","guid":{"rendered":"https:\/\/www.feuerwehrkostheim.de\/?p=6010"},"modified":"2021-06-14T15:31:25","modified_gmt":"2021-06-14T13:31:25","slug":"wachbereitschaft-wegen-eines-brandes-in-breckenheim","status":"publish","type":"post","link":"https:\/\/www.feuerwehrkostheim.de\/?p=6010","title":{"rendered":"Wachbereitschaft wegen eines Brandes in Breckenheim"},"content":{"rendered":"<p><img loading=\"lazy\" decoding=\"async\" class=\"alignleft\" title=\"Einsatz-Logo\" src=\"https:\/\/www.feuerwehrkostheim.de\/wp-content\/bilder\/sonstige\/logo_einsatz.jpg\" alt=\"Einsatz-Logo\" width=\"100\" height=\"100\" \/><strong>12. Juni 2021 &#8211; 15:42 Uhr<\/strong><br \/>\n<strong>Ger\u00e4tehaus Kostheim<\/strong><br \/>\nS WB<br \/>\nEinsatz 36 &#8211; 2021<\/p>\n<p>Wegen eines ausgedehnten Wohnungsbrandes am Samstagmittag in Breckenheim, bei dem eine Vielzahl von Einheiten der Berufs- und Freiwilligen Feuerwehren Wiesbadens eingesetzt waren, wurde die Kostheimer Feuerwehr gegen 15:45 Uhr alarmiert, um f\u00fcr weitere Eins\u00e4tze im Stadtgebiet die Einsatzbereitschaft herzustellen. Bis 17:30 Uhr standen zwei L\u00f6schfahrzeuge am Ger\u00e4tehaus mit insgesamt 16 Kr\u00e4ften f\u00fcr etwaige Notf\u00e4lle zur Verf\u00fcgung. Die Zeit der Wachbereitschaft verlief ruhig und man musste nicht ausr\u00fccken.<\/p>\n","protected":false},"excerpt":{"rendered":"<p>12. Juni 2021 &#8211; 15:42 Uhr Ger\u00e4tehaus Kostheim S WB Einsatz 36 &#8211; 2021 Wegen eines ausgedehnten Wohnungsbrandes am Samstagmittag in Breckenheim, bei dem eine Vielzahl von Einheiten der Berufs- und Freiwilligen Feuerwehren Wiesbadens eingesetzt waren, wurde die Kostheimer Feuerwehr gegen 15:45 Uhr alarmiert, um f\u00fcr weitere Eins\u00e4tze im Stadtgebiet die Einsatzbereitschaft herzustellen. Bis 17:30 [&hellip;]<\/p>\n","protected":false},"author":1,"featured_media":0,"comment_status":"closed","ping_status":"open","sticky":false,"template":"","format":"standard","meta":{"_et_pb_use_builder":"","_et_pb_old_content":"","_et_gb_content_width":"","_crdt_document":"","footnotes":""},"categories":[5],"tags":[1227,31,242,20,1305,243,708],"class_list":["post-6010","post","type-post","status-publish","format-standard","hentry","category-einsatze","tag-breckenheim","tag-feuer","tag-feuerwache-2","tag-geratehaus","tag-swb","tag-wachbesetzung","tag-wohnungsbrand"],"_links":{"self":[{"href":"https:\/\/www.feuerwehrkostheim.de\/index.php?rest_route=\/wp\/v2\/posts\/6010","targetHints":{"allow":["GET"]}}],"collection":[{"href":"https:\/\/www.feuerwehrkostheim.de\/index.php?rest_route=\/wp\/v2\/posts"}],"about":[{"href":"https:\/\/www.feuerwehrkostheim.de\/index.php?rest_route=\/wp\/v2\/types\/post"}],"author":[{"embeddable":true,"href":"https:\/\/www.feuerwehrkostheim.de\/index.php?rest_route=\/wp\/v2\/users\/1"}],"replies":[{"embeddable":true,"href":"https:\/\/www.feuerwehrkostheim.de\/index.php?rest_route=%2Fwp%2Fv2%2Fcomments&post=6010"}],"version-history":[{"count":1,"href":"https:\/\/www.feuerwehrkostheim.de\/index.php?rest_route=\/wp\/v2\/posts\/6010\/revisions"}],"predecessor-version":[{"id":6011,"href":"https:\/\/www.feuerwehrkostheim.de\/index.php?rest_route=\/wp\/v2\/posts\/6010\/revisions\/6011"}],"wp:attachment":[{"href":"https:\/\/www.feuerwehrkostheim.de\/index.php?rest_route=%2Fwp%2Fv2%2Fmedia&parent=6010"}],"wp:term":[{"taxonomy":"category","embeddable":true,"href":"https:\/\/www.feuerwehrkostheim.de\/index.php?rest_route=%2Fwp%2Fv2%2Fcategories&post=6010"},{"taxonomy":"post_tag","embeddable":true,"href":"https:\/\/www.feuerwehrkostheim.de\/index.php?rest_route=%2Fwp%2Fv2%2Ftags&post=6010"}],"curies":[{"name":"wp","href":"https:\/\/api.w.org\/{rel}","templated":true}]}}