{"id":6002,"date":"2021-06-06T14:13:18","date_gmt":"2021-06-06T12:13:18","guid":{"rendered":"https:\/\/www.feuerwehrkostheim.de\/?p=6002"},"modified":"2021-06-06T14:15:24","modified_gmt":"2021-06-06T12:15:24","slug":"starkregen-sorgte-fuer-eine-vielzahl-von-einsaetzen","status":"publish","type":"post","link":"https:\/\/www.feuerwehrkostheim.de\/?p=6002","title":{"rendered":"Starkregen sorgte f\u00fcr eine Vielzahl von Eins\u00e4tzen"},"content":{"rendered":"<p><img loading=\"lazy\" decoding=\"async\" class=\"alignleft\" title=\"Einsatz-Logo\" src=\"https:\/\/www.feuerwehrkostheim.de\/wp-content\/bilder\/sonstige\/logo_einsatz.jpg\" alt=\"Einsatz-Logo\" width=\"100\" height=\"100\" \/><strong>05. Juni 2021 &#8211; 16:46 Uhr<\/strong><br \/>\n<strong>Stadtgebiet\u00a0<\/strong><span style=\"color: #000000;\"><b>Wiesbaden<\/b><\/span><br \/>\nU ALARM<br \/>\nEins\u00e4tze 25-34 &#8211; 2021<\/p>\n<p><a href=\"https:\/\/www.flickr.com\/photos\/ffkostheim\/albums\/72157719365512366\" target=\"_blank\" rel=\"noopener\"><img decoding=\"async\" class=\"alignright size-large\" style=\"border: 4px solid #D8D8D8;\" src=\"https:\/\/live.staticflickr.com\/65535\/51228539821_e7dcb90726_n.jpg\" height=\"240\" \/><\/a>Im Verlauf des Samstags sorgten im Abstand von gut vier Stunden zwei Starkregeneregnisse f\u00fcr eine Vielzahl von Feuerwehreins\u00e4tzen im Wiesbadener Stadtgebiet. Neben einiger Einsatzstellen, die gesamten Stadtgebiet verteilt waren, lag der Einsatzschwerpunkt im Bereich Erbenheims. Dort sorgten die Regenmassen f\u00fcr vollgelaufene Keller und Sturzb\u00e4che, die sich aus den angrenzenden Feldern in den Ortsbereich Wandersmannstra\u00dfe \/ Oberfeld ergossen. Am Abend waren neben den hauptamtlichen Kr\u00e4ften auch alle 20 Freiwilligen Feuerwehren zur Abarbeitung der Einsatzstellen eingesetzt.<\/p>\n<p><!--more--><\/p>\n<p><a href=\"https:\/\/www.flickr.com\/photos\/ffkostheim\/albums\/72157719365512366\" target=\"_blank\" rel=\"noopener\"><img decoding=\"async\" class=\"alignleft size-large\" style=\"border: 4px solid #D8D8D8;\" src=\"https:\/\/live.staticflickr.com\/65535\/51228539341_db4444a609_n.jpg\" height=\"240\" \/><\/a>W\u00e4hrend vier Kostheimer Kameraden schon gegen 16 Uhr zum Einsatz mit der IuK-Gruppe angefordert waren, wurde die Kostheimer Wehr nur 40 Minuten sp\u00e4ter ebenfalls zur Unterst\u00fctzung alarmiert. Kurze Zeit sp\u00e4ter r\u00fcckte der Tross, bestehend aus allen drei Einsatzfahrzeugen sowie einer Gesamtst\u00e4rke von 20 Kr\u00e4ften nach Erbenheim in die Buschungstra\u00dfe aus, wo die ersten Keller leer zu pumpen waren.<\/p>\n<p><a href=\"https:\/\/www.flickr.com\/photos\/ffkostheim\/albums\/72157719365512366\" target=\"_blank\" rel=\"noopener\"><img decoding=\"async\" class=\"alignright size-large\" style=\"border: 4px solid #D8D8D8;\" src=\"https:\/\/live.staticflickr.com\/65535\/51228758563_4bb1be133d_n.jpg\" height=\"213\" \/><\/a>Insgesamt mussten durch die Kostheimer Wehr 10 Einsatzstellen angefahren werden, in denen in den meisten F\u00e4llen Tauchpumpen, I-Sauger und Wasserschieber zum Einsatz kamen, aber auch Sands\u00e4cke zu Barrieren ausgelegt wurden:<\/p>\n<p>16:40 Uhr Buschungstra\u00dfe\/Erbenheim LF10 (22\/43)<br \/>\n16:48 Uhr Buschungstra\u00dfe\/Erbenheim LF10 (22\/43), LF20 (22\/45), MTF (22\/19)<br \/>\n18:40 Uhr Oberfeld\/Erbenheim LF10 (22\/43)<br \/>\n19:05 Uhr Sigismundstra\u00dfe\/Erbenheim LF20 (22\/45), MTF (22\/19)<br \/>\n19:54 Uhr Goldackerweg\/Bierstadt LF10 (22\/43)<br \/>\n20:51 Uhr Unterm\u00fchle\/Igstadt MTF (22\/19)<br \/>\n21:14 Uhr Passauer Stra\u00dfe\/Kostheim LF20 (22\/45)<br \/>\n21:20 Uhr Goldackerweg\/Bierstadt LF10 (22\/43)<br \/>\n21:30 Uhr Dorfanger\/Bierstadt LF10 (22\/43)<br \/>\n21:37 Uhr Hochheimer Stra\u00dfe\/Kostheim LF20 (22\/45)<\/p>\n<p>&nbsp;<\/p>\n<p>[FAGP id=6001]<\/p>\n","protected":false},"excerpt":{"rendered":"<p>05. Juni 2021 &#8211; 16:46 Uhr Stadtgebiet\u00a0Wiesbaden U ALARM Eins\u00e4tze 25-34 &#8211; 2021 Im Verlauf des Samstags sorgten im Abstand von gut vier Stunden zwei Starkregeneregnisse f\u00fcr eine Vielzahl von Feuerwehreins\u00e4tzen im Wiesbadener Stadtgebiet. Neben einiger Einsatzstellen, die gesamten Stadtgebiet verteilt waren, lag der Einsatzschwerpunkt im Bereich Erbenheims. Dort sorgten die Regenmassen f\u00fcr vollgelaufene Keller [&hellip;]<\/p>\n","protected":false},"author":1,"featured_media":0,"comment_status":"closed","ping_status":"open","sticky":false,"template":"","format":"standard","meta":{"_et_pb_use_builder":"","_et_pb_old_content":"","_et_gb_content_width":"","_crdt_document":"","footnotes":""},"categories":[5],"tags":[444,236,655,406,1402,89,542,403],"class_list":["post-6002","post","type-post","status-publish","format-standard","hentry","category-einsatze","tag-erbenheim","tag-keller","tag-regen","tag-sandsack","tag-ueberflutung","tag-unwetter","tag-unwettereinsatz","tag-wasser"],"_links":{"self":[{"href":"https:\/\/www.feuerwehrkostheim.de\/index.php?rest_route=\/wp\/v2\/posts\/6002","targetHints":{"allow":["GET"]}}],"collection":[{"href":"https:\/\/www.feuerwehrkostheim.de\/index.php?rest_route=\/wp\/v2\/posts"}],"about":[{"href":"https:\/\/www.feuerwehrkostheim.de\/index.php?rest_route=\/wp\/v2\/types\/post"}],"author":[{"embeddable":true,"href":"https:\/\/www.feuerwehrkostheim.de\/index.php?rest_route=\/wp\/v2\/users\/1"}],"replies":[{"embeddable":true,"href":"https:\/\/www.feuerwehrkostheim.de\/index.php?rest_route=%2Fwp%2Fv2%2Fcomments&post=6002"}],"version-history":[{"count":3,"href":"https:\/\/www.feuerwehrkostheim.de\/index.php?rest_route=\/wp\/v2\/posts\/6002\/revisions"}],"predecessor-version":[{"id":6005,"href":"https:\/\/www.feuerwehrkostheim.de\/index.php?rest_route=\/wp\/v2\/posts\/6002\/revisions\/6005"}],"wp:attachment":[{"href":"https:\/\/www.feuerwehrkostheim.de\/index.php?rest_route=%2Fwp%2Fv2%2Fmedia&parent=6002"}],"wp:term":[{"taxonomy":"category","embeddable":true,"href":"https:\/\/www.feuerwehrkostheim.de\/index.php?rest_route=%2Fwp%2Fv2%2Fcategories&post=6002"},{"taxonomy":"post_tag","embeddable":true,"href":"https:\/\/www.feuerwehrkostheim.de\/index.php?rest_route=%2Fwp%2Fv2%2Ftags&post=6002"}],"curies":[{"name":"wp","href":"https:\/\/api.w.org\/{rel}","templated":true}]}}