{"id":5984,"date":"2021-05-31T15:49:56","date_gmt":"2021-05-31T14:49:56","guid":{"rendered":"https:\/\/www.feuerwehrkostheim.de\/?p=5984"},"modified":"2021-05-31T15:50:59","modified_gmt":"2021-05-31T14:50:59","slug":"brandverdacht-in-der-hochheimer-strasse-4","status":"publish","type":"post","link":"https:\/\/www.feuerwehrkostheim.de\/?p=5984","title":{"rendered":"Brandverdacht in der Hochheimer Stra\u00dfe"},"content":{"rendered":"<p><img loading=\"lazy\" decoding=\"async\" class=\"alignleft\" title=\"Einsatz-Logo\" src=\"https:\/\/www.feuerwehrkostheim.de\/wp-content\/bilder\/sonstige\/logo_einsatz.jpg\" alt=\"Einsatz-Logo\" width=\"100\" height=\"100\" \/><strong>31. Mai 2021 &#8211; 08:40 Uhr<\/strong><br \/>\n<strong>Hochheimer Stra\u00dfe<\/strong><br \/>\nF 2 \/ Alarmgruppe mit FF-Kastel<br \/>\nEinsatz 23 &#8211; 2021<\/p>\n<p>Zum mittlerweile elften Einsatz im aktuellen Monat Mai wurde die Kostheimer Feuerwehr am Montagvormittag alarmiert. Grund f\u00fcr die Alarmierung war eine Meldung \u00fcber einen Brandverdacht im Bereich der Hochheimer Stra\u00dfe. Bevor Einsatzkr\u00e4fte der Feuerwehr an der Einsatzstelle eintreffen konnte, erfolgte von einer Rettungswagenbesatzung bereits Entwarnung. Ein gewollter Abbrand sorgte f\u00fcr die Notruf ausl\u00f6sende Rauchentwicklung. Lediglich das Basis-L\u00f6schfahrzeug der Wache 2 fuhr die Einsatzstelle zur endg\u00fcltigen Abkl\u00e4rung an.<\/p>\n","protected":false},"excerpt":{"rendered":"<p>31. Mai 2021 &#8211; 08:40 Uhr Hochheimer Stra\u00dfe F 2 \/ Alarmgruppe mit FF-Kastel Einsatz 23 &#8211; 2021 Zum mittlerweile elften Einsatz im aktuellen Monat Mai wurde die Kostheimer Feuerwehr am Montagvormittag alarmiert. Grund f\u00fcr die Alarmierung war eine Meldung \u00fcber einen Brandverdacht im Bereich der Hochheimer Stra\u00dfe. Bevor Einsatzkr\u00e4fte der Feuerwehr an der Einsatzstelle [&hellip;]<\/p>\n","protected":false},"author":1,"featured_media":0,"comment_status":"closed","ping_status":"open","sticky":false,"template":"","format":"standard","meta":{"_et_pb_use_builder":"","_et_pb_old_content":"","_et_gb_content_width":"","_crdt_document":"","footnotes":""},"categories":[5],"tags":[110,112,1265,111],"class_list":["post-5984","post","type-post","status-publish","format-standard","hentry","category-einsatze","tag-alarmgruppe","tag-brandverdacht","tag-f2","tag-rauchentwicklung"],"_links":{"self":[{"href":"https:\/\/www.feuerwehrkostheim.de\/index.php?rest_route=\/wp\/v2\/posts\/5984","targetHints":{"allow":["GET"]}}],"collection":[{"href":"https:\/\/www.feuerwehrkostheim.de\/index.php?rest_route=\/wp\/v2\/posts"}],"about":[{"href":"https:\/\/www.feuerwehrkostheim.de\/index.php?rest_route=\/wp\/v2\/types\/post"}],"author":[{"embeddable":true,"href":"https:\/\/www.feuerwehrkostheim.de\/index.php?rest_route=\/wp\/v2\/users\/1"}],"replies":[{"embeddable":true,"href":"https:\/\/www.feuerwehrkostheim.de\/index.php?rest_route=%2Fwp%2Fv2%2Fcomments&post=5984"}],"version-history":[{"count":2,"href":"https:\/\/www.feuerwehrkostheim.de\/index.php?rest_route=\/wp\/v2\/posts\/5984\/revisions"}],"predecessor-version":[{"id":5986,"href":"https:\/\/www.feuerwehrkostheim.de\/index.php?rest_route=\/wp\/v2\/posts\/5984\/revisions\/5986"}],"wp:attachment":[{"href":"https:\/\/www.feuerwehrkostheim.de\/index.php?rest_route=%2Fwp%2Fv2%2Fmedia&parent=5984"}],"wp:term":[{"taxonomy":"category","embeddable":true,"href":"https:\/\/www.feuerwehrkostheim.de\/index.php?rest_route=%2Fwp%2Fv2%2Fcategories&post=5984"},{"taxonomy":"post_tag","embeddable":true,"href":"https:\/\/www.feuerwehrkostheim.de\/index.php?rest_route=%2Fwp%2Fv2%2Ftags&post=5984"}],"curies":[{"name":"wp","href":"https:\/\/api.w.org\/{rel}","templated":true}]}}