{"id":5978,"date":"2021-05-27T15:25:09","date_gmt":"2021-05-27T14:25:09","guid":{"rendered":"https:\/\/www.feuerwehrkostheim.de\/?p=5978"},"modified":"2021-05-27T15:25:09","modified_gmt":"2021-05-27T14:25:09","slug":"brandverdacht-kein-feuer-feststellbar","status":"publish","type":"post","link":"https:\/\/www.feuerwehrkostheim.de\/?p=5978","title":{"rendered":"Brandverdacht &#8211; kein Feuer feststellbar"},"content":{"rendered":"<p><img loading=\"lazy\" decoding=\"async\" class=\"alignleft\" title=\"Einsatz-Logo\" src=\"https:\/\/www.feuerwehrkostheim.de\/wp-content\/bilder\/sonstige\/logo_einsatz.jpg\" alt=\"Einsatz-Logo\" width=\"100\" height=\"100\" \/><strong>25. Mai 2021 &#8211; 13:09 Uhr<\/strong><br \/>\n<strong>Viktoriastra\u00dfe<\/strong><br \/>\nF2 &#8211; Alarmgruppe mit FF Kastel<br \/>\nEinsatz 20 &#8211; 2021<\/p>\n<p>Zu einem gemeldeten Brandverdacht in der Viktoriastra\u00dfe alarmierte die Rettungsleitstelle am Dienstagmittag den L\u00f6schzug der Berufsfeuerwehr sowie die Freiwilligen Wehren aus Kostheim und Kastel. Nach dem Eintreffen an der Einsatzstelle konnte bis auf einen \u00fcberraschten Hausbesitzernichts festgestellt werden. Die Kr\u00e4fte konnten nach kurzer Zeit wieder einr\u00fccken. Die Hintergr\u00fcnde f\u00fcr den get\u00e4tigten Notruf konnten nicht aufgekl\u00e4rt werden.<\/p>\n","protected":false},"excerpt":{"rendered":"<p>25. Mai 2021 &#8211; 13:09 Uhr Viktoriastra\u00dfe F2 &#8211; Alarmgruppe mit FF Kastel Einsatz 20 &#8211; 2021 Zu einem gemeldeten Brandverdacht in der Viktoriastra\u00dfe alarmierte die Rettungsleitstelle am Dienstagmittag den L\u00f6schzug der Berufsfeuerwehr sowie die Freiwilligen Wehren aus Kostheim und Kastel. Nach dem Eintreffen an der Einsatzstelle konnte bis auf einen \u00fcberraschten Hausbesitzernichts festgestellt werden. [&hellip;]<\/p>\n","protected":false},"author":1,"featured_media":0,"comment_status":"closed","ping_status":"open","sticky":false,"template":"","format":"standard","meta":{"_et_pb_use_builder":"","_et_pb_old_content":"","_et_gb_content_width":"","_crdt_document":"","footnotes":""},"categories":[5],"tags":[110,112,1265,113],"class_list":["post-5978","post","type-post","status-publish","format-standard","hentry","category-einsatze","tag-alarmgruppe","tag-brandverdacht","tag-f2","tag-fehlalarm"],"_links":{"self":[{"href":"https:\/\/www.feuerwehrkostheim.de\/index.php?rest_route=\/wp\/v2\/posts\/5978","targetHints":{"allow":["GET"]}}],"collection":[{"href":"https:\/\/www.feuerwehrkostheim.de\/index.php?rest_route=\/wp\/v2\/posts"}],"about":[{"href":"https:\/\/www.feuerwehrkostheim.de\/index.php?rest_route=\/wp\/v2\/types\/post"}],"author":[{"embeddable":true,"href":"https:\/\/www.feuerwehrkostheim.de\/index.php?rest_route=\/wp\/v2\/users\/1"}],"replies":[{"embeddable":true,"href":"https:\/\/www.feuerwehrkostheim.de\/index.php?rest_route=%2Fwp%2Fv2%2Fcomments&post=5978"}],"version-history":[{"count":1,"href":"https:\/\/www.feuerwehrkostheim.de\/index.php?rest_route=\/wp\/v2\/posts\/5978\/revisions"}],"predecessor-version":[{"id":5979,"href":"https:\/\/www.feuerwehrkostheim.de\/index.php?rest_route=\/wp\/v2\/posts\/5978\/revisions\/5979"}],"wp:attachment":[{"href":"https:\/\/www.feuerwehrkostheim.de\/index.php?rest_route=%2Fwp%2Fv2%2Fmedia&parent=5978"}],"wp:term":[{"taxonomy":"category","embeddable":true,"href":"https:\/\/www.feuerwehrkostheim.de\/index.php?rest_route=%2Fwp%2Fv2%2Fcategories&post=5978"},{"taxonomy":"post_tag","embeddable":true,"href":"https:\/\/www.feuerwehrkostheim.de\/index.php?rest_route=%2Fwp%2Fv2%2Ftags&post=5978"}],"curies":[{"name":"wp","href":"https:\/\/api.w.org\/{rel}","templated":true}]}}