{"id":5946,"date":"2021-04-27T18:20:38","date_gmt":"2021-04-27T17:20:38","guid":{"rendered":"https:\/\/www.feuerwehrkostheim.de\/?p=5946"},"modified":"2021-04-28T12:33:49","modified_gmt":"2021-04-28T11:33:49","slug":"kein-tag-der-offenen-tuer-in-2021","status":"publish","type":"post","link":"https:\/\/www.feuerwehrkostheim.de\/?p=5946","title":{"rendered":"Kein Tag der offenen T\u00fcr in 2021"},"content":{"rendered":"<p><a href=\"https:\/\/www.feuerwehrkostheim.de\/wp-content\/uploads\/2021\/04\/TdoT21.jpg\"><img loading=\"lazy\" decoding=\"async\" class=\"alignright  wp-image-5956\" style=\"border: 4px solid #D8D8D8;\" src=\"https:\/\/www.feuerwehrkostheim.de\/wp-content\/uploads\/2021\/04\/TdoT21-300x199.jpg\" width=\"362\" height=\"240\" srcset=\"https:\/\/www.feuerwehrkostheim.de\/wp-content\/uploads\/2021\/04\/TdoT21-300x199.jpg 300w, https:\/\/www.feuerwehrkostheim.de\/wp-content\/uploads\/2021\/04\/TdoT21-1024x678.jpg 1024w, https:\/\/www.feuerwehrkostheim.de\/wp-content\/uploads\/2021\/04\/TdoT21-768x509.jpg 768w, https:\/\/www.feuerwehrkostheim.de\/wp-content\/uploads\/2021\/04\/TdoT21-1536x1017.jpg 1536w, https:\/\/www.feuerwehrkostheim.de\/wp-content\/uploads\/2021\/04\/TdoT21.jpg 1800w\" sizes=\"(max-width: 362px) 100vw, 362px\" \/><\/a>Die seit nunmehr \u00fcber einem Jahr vorherrschende Pandemielage sorgt bei der Kostheimer Feuerwehr nicht nur f\u00fcr Einschr\u00e4nkungen im \u00dcbungs- und Einsatzdienst, auch die regelm\u00e4\u00dfig wiederkehrenden Veranstaltungen sind weiterhin davon betroffen.<br \/>\nNeben dem Ausfall der Weihnachtsbaumsammlung der Jugendfeuerwehr zu Beginn des Jahres muss nun ein weiterer Veranstaltungshit verschoben werden. Der \u00fcber die Ortsgrenzen hinaus gesch\u00e4tzte Tag der offenen T\u00fcr der Kostheimer Feuerwehr, der im 2-Jahres-Rhythmus immer am Vatertag stattfindet und in diesem Jahr eigentlich auf dem Plan stand, muss um ein Jahr verschoben werden. Angesichts der allgegenw\u00e4rtigen Corona-Pandemie und dem Umstand, dass derzeit nicht absehbar ist, wie schnell und in welchem Umfang die dritte Infektionswelle gebrochen werden kann, haben sich die Verantwortlichen daf\u00fcr ausgesprochen, den Tag der offenen T\u00fcr in das n\u00e4chste Jahr \u2013 auf den 26. Mai 2022 \u2013 zu verschieben. Der Schutz der eigenen Helfer sowie der zahlreich zu erwartenden G\u00e4ste \u00fcberwiegt uneingeschr\u00e4nkt den wirtschaftlichen Aspekten.<\/p>\n","protected":false},"excerpt":{"rendered":"<p>Die seit nunmehr \u00fcber einem Jahr vorherrschende Pandemielage sorgt bei der Kostheimer Feuerwehr nicht nur f\u00fcr Einschr\u00e4nkungen im \u00dcbungs- und Einsatzdienst, auch die regelm\u00e4\u00dfig wiederkehrenden Veranstaltungen sind weiterhin davon betroffen. Neben dem Ausfall der Weihnachtsbaumsammlung der Jugendfeuerwehr zu Beginn des Jahres muss nun ein weiterer Veranstaltungshit verschoben werden. Der \u00fcber die Ortsgrenzen hinaus gesch\u00e4tzte Tag [&hellip;]<\/p>\n","protected":false},"author":1,"featured_media":0,"comment_status":"closed","ping_status":"open","sticky":false,"template":"","format":"standard","meta":{"_et_pb_use_builder":"","_et_pb_old_content":"","_et_gb_content_width":"","_crdt_document":"","footnotes":""},"categories":[1],"tags":[1327,1318,256,1393,958],"class_list":["post-5946","post","type-post","status-publish","format-standard","hentry","category-allgemein","tag-zusammengegencorona","tag-corona","tag-tag-der-offenen-tur","tag-tdot","tag-termin"],"_links":{"self":[{"href":"https:\/\/www.feuerwehrkostheim.de\/index.php?rest_route=\/wp\/v2\/posts\/5946","targetHints":{"allow":["GET"]}}],"collection":[{"href":"https:\/\/www.feuerwehrkostheim.de\/index.php?rest_route=\/wp\/v2\/posts"}],"about":[{"href":"https:\/\/www.feuerwehrkostheim.de\/index.php?rest_route=\/wp\/v2\/types\/post"}],"author":[{"embeddable":true,"href":"https:\/\/www.feuerwehrkostheim.de\/index.php?rest_route=\/wp\/v2\/users\/1"}],"replies":[{"embeddable":true,"href":"https:\/\/www.feuerwehrkostheim.de\/index.php?rest_route=%2Fwp%2Fv2%2Fcomments&post=5946"}],"version-history":[{"count":2,"href":"https:\/\/www.feuerwehrkostheim.de\/index.php?rest_route=\/wp\/v2\/posts\/5946\/revisions"}],"predecessor-version":[{"id":5957,"href":"https:\/\/www.feuerwehrkostheim.de\/index.php?rest_route=\/wp\/v2\/posts\/5946\/revisions\/5957"}],"wp:attachment":[{"href":"https:\/\/www.feuerwehrkostheim.de\/index.php?rest_route=%2Fwp%2Fv2%2Fmedia&parent=5946"}],"wp:term":[{"taxonomy":"category","embeddable":true,"href":"https:\/\/www.feuerwehrkostheim.de\/index.php?rest_route=%2Fwp%2Fv2%2Fcategories&post=5946"},{"taxonomy":"post_tag","embeddable":true,"href":"https:\/\/www.feuerwehrkostheim.de\/index.php?rest_route=%2Fwp%2Fv2%2Ftags&post=5946"}],"curies":[{"name":"wp","href":"https:\/\/api.w.org\/{rel}","templated":true}]}}