{"id":5931,"date":"2021-03-24T18:22:57","date_gmt":"2021-03-24T17:22:57","guid":{"rendered":"https:\/\/www.feuerwehrkostheim.de\/?p=5931"},"modified":"2021-03-24T18:23:58","modified_gmt":"2021-03-24T17:23:58","slug":"wachbesetzung-wegen-feuerwehreinsatz-in-schierstein","status":"publish","type":"post","link":"https:\/\/www.feuerwehrkostheim.de\/?p=5931","title":{"rendered":"Wachbesetzung wegen Feuerwehreinsatz in Schierstein"},"content":{"rendered":"<p><img loading=\"lazy\" decoding=\"async\" class=\"alignleft\" title=\"Einsatz-Logo\" src=\"https:\/\/www.feuerwehrkostheim.de\/wp-content\/bilder\/sonstige\/logo_einsatz.jpg\" alt=\"Einsatz-Logo\" width=\"100\" height=\"100\" \/><strong>23. M\u00e4rz 2021 &#8211; 09:30 Uhr<\/strong><br \/>\n<strong>Ger\u00e4tehaus \/ Alte Schmelze Schierstein<\/strong><br \/>\nS WB \/ F2<br \/>\nEinsatz 10\/11 &#8211; 2021<\/p>\n<p><a href=\"https:\/\/www.feuerwehrkostheim.de\/wp-content\/uploads\/2021\/03\/2021-03-23_Schierstein_WB-scaled.jpg\"><img loading=\"lazy\" decoding=\"async\" class=\"alignright size-medium wp-image-5935\" style=\"border: 4px solid #D8D8D8;\" src=\"https:\/\/www.feuerwehrkostheim.de\/wp-content\/uploads\/2021\/03\/2021-03-23_Schierstein_WB-300x225.jpg\" width=\"300\" height=\"225\" srcset=\"https:\/\/www.feuerwehrkostheim.de\/wp-content\/uploads\/2021\/03\/2021-03-23_Schierstein_WB-300x225.jpg 300w, https:\/\/www.feuerwehrkostheim.de\/wp-content\/uploads\/2021\/03\/2021-03-23_Schierstein_WB-1024x768.jpg 1024w, https:\/\/www.feuerwehrkostheim.de\/wp-content\/uploads\/2021\/03\/2021-03-23_Schierstein_WB-768x576.jpg 768w, https:\/\/www.feuerwehrkostheim.de\/wp-content\/uploads\/2021\/03\/2021-03-23_Schierstein_WB-1536x1152.jpg 1536w, https:\/\/www.feuerwehrkostheim.de\/wp-content\/uploads\/2021\/03\/2021-03-23_Schierstein_WB-2048x1536.jpg 2048w\" sizes=\"(max-width: 300px) 100vw, 300px\" \/><\/a>Aufgrund eines gr\u00f6\u00dferen Feuerwehreinsatzes in einem Gewerbebetrieb in Schierstein, wurde die Kosteimer Wehr am Dienstagmorgen zur Wachbesetzung alarmiert. Da die Einheiten der Feuerwache 2 dort eingebunden waren, standen die Kostheimer f\u00fcr m\u00f6gliche Eins\u00e4tze im s\u00fcd-westlichen Wachbereich in Bereitschaft.<\/p>\n<p>Da an der Schiersteiner Einsatzstelle die Arbeiten vorwiegend unter Atemschutz durchgef\u00fchrt werden mussten und frische Kr\u00e4fte vor Ort bereitgehalten werden sollten, beorderte die Leitstelle die zwei Kostheimer L\u00f6schfahrzeuge mit insgesamt 11 Atemschutzger\u00e4tetr\u00e4gern direkt dorthin.<\/p>\n<p>W\u00e4hrend ein L\u00f6schfahrzeug weiter in Einsatzbereitschaft verblieb, wurde das zweite L\u00f6schfahrzeug in den dort laufenden Einsatz mit Mannschaft und Material eingebunden.<\/p>\n<p>Weiteres Personal verblieb im Ger\u00e4tehaus ebenfalls in Einsatzbereitschaft und besetzte das Mannschaftstransportfahrzeug.<\/p>\n<p>Insgesamt dauerte der Gesamteinsatz knapp f\u00fcnf Stunden. Seitens der Kostheimer Wehr waren 20 Kameradinnen und Kameraden in Bereitschaft, wobei sechs von ihnen in den Einsatz in Schierstein eingebunden wurden.<\/p>\n","protected":false},"excerpt":{"rendered":"<p>23. M\u00e4rz 2021 &#8211; 09:30 Uhr Ger\u00e4tehaus \/ Alte Schmelze Schierstein S WB \/ F2 Einsatz 10\/11 &#8211; 2021 Aufgrund eines gr\u00f6\u00dferen Feuerwehreinsatzes in einem Gewerbebetrieb in Schierstein, wurde die Kosteimer Wehr am Dienstagmorgen zur Wachbesetzung alarmiert. Da die Einheiten der Feuerwache 2 dort eingebunden waren, standen die Kostheimer f\u00fcr m\u00f6gliche Eins\u00e4tze im s\u00fcd-westlichen Wachbereich [&hellip;]<\/p>\n","protected":false},"author":1,"featured_media":0,"comment_status":"closed","ping_status":"open","sticky":false,"template":"","format":"standard","meta":{"_et_pb_use_builder":"","_et_pb_old_content":"","_et_gb_content_width":"","_crdt_document":"","footnotes":""},"categories":[5],"tags":[44,1265,31,1242,245,1305,243],"class_list":["post-5931","post","type-post","status-publish","format-standard","hentry","category-einsatze","tag-atemschutz","tag-f2","tag-feuer","tag-gewerbebetrieb","tag-schierstein","tag-swb","tag-wachbesetzung"],"_links":{"self":[{"href":"https:\/\/www.feuerwehrkostheim.de\/index.php?rest_route=\/wp\/v2\/posts\/5931","targetHints":{"allow":["GET"]}}],"collection":[{"href":"https:\/\/www.feuerwehrkostheim.de\/index.php?rest_route=\/wp\/v2\/posts"}],"about":[{"href":"https:\/\/www.feuerwehrkostheim.de\/index.php?rest_route=\/wp\/v2\/types\/post"}],"author":[{"embeddable":true,"href":"https:\/\/www.feuerwehrkostheim.de\/index.php?rest_route=\/wp\/v2\/users\/1"}],"replies":[{"embeddable":true,"href":"https:\/\/www.feuerwehrkostheim.de\/index.php?rest_route=%2Fwp%2Fv2%2Fcomments&post=5931"}],"version-history":[{"count":5,"href":"https:\/\/www.feuerwehrkostheim.de\/index.php?rest_route=\/wp\/v2\/posts\/5931\/revisions"}],"predecessor-version":[{"id":5937,"href":"https:\/\/www.feuerwehrkostheim.de\/index.php?rest_route=\/wp\/v2\/posts\/5931\/revisions\/5937"}],"wp:attachment":[{"href":"https:\/\/www.feuerwehrkostheim.de\/index.php?rest_route=%2Fwp%2Fv2%2Fmedia&parent=5931"}],"wp:term":[{"taxonomy":"category","embeddable":true,"href":"https:\/\/www.feuerwehrkostheim.de\/index.php?rest_route=%2Fwp%2Fv2%2Fcategories&post=5931"},{"taxonomy":"post_tag","embeddable":true,"href":"https:\/\/www.feuerwehrkostheim.de\/index.php?rest_route=%2Fwp%2Fv2%2Ftags&post=5931"}],"curies":[{"name":"wp","href":"https:\/\/api.w.org\/{rel}","templated":true}]}}