{"id":5919,"date":"2021-03-20T18:58:20","date_gmt":"2021-03-20T17:58:20","guid":{"rendered":"https:\/\/www.feuerwehrkostheim.de\/?p=5919"},"modified":"2021-03-24T18:23:06","modified_gmt":"2021-03-24T17:23:06","slug":"grosser-scheck-grosser-abstand-grosser-dank","status":"publish","type":"post","link":"https:\/\/www.feuerwehrkostheim.de\/?p=5919","title":{"rendered":"Gro\u00dfer Scheck \u2013 Gro\u00dfer Abstand \u2013 Gro\u00dfer Dank!"},"content":{"rendered":"<p><strong>Inhaberin der \u201eAlten Apotheke\u201c \u00fcberrascht Kostheimer Feuerwehr <\/strong><\/p>\n<p><a href=\"https:\/\/www.feuerwehrkostheim.de\/wp-content\/uploads\/2021\/03\/2021-03-17_Spendenscheck-scaled.jpg\" target=\"_blank\" rel=\"noopener\"><img loading=\"lazy\" decoding=\"async\" class=\"alignright wp-image-5921 size-medium\" style=\"border: 4px solid #D8D8D8;\" src=\"https:\/\/www.feuerwehrkostheim.de\/wp-content\/uploads\/2021\/03\/2021-03-17_Spendenscheck-300x237.jpg\" alt=\"\" width=\"300\" height=\"237\" srcset=\"https:\/\/www.feuerwehrkostheim.de\/wp-content\/uploads\/2021\/03\/2021-03-17_Spendenscheck-300x237.jpg 300w, https:\/\/www.feuerwehrkostheim.de\/wp-content\/uploads\/2021\/03\/2021-03-17_Spendenscheck-1024x808.jpg 1024w, https:\/\/www.feuerwehrkostheim.de\/wp-content\/uploads\/2021\/03\/2021-03-17_Spendenscheck-768x606.jpg 768w, https:\/\/www.feuerwehrkostheim.de\/wp-content\/uploads\/2021\/03\/2021-03-17_Spendenscheck-1536x1211.jpg 1536w, https:\/\/www.feuerwehrkostheim.de\/wp-content\/uploads\/2021\/03\/2021-03-17_Spendenscheck-2048x1615.jpg 2048w\" sizes=\"(max-width: 300px) 100vw, 300px\" \/><\/a>Als Anfang Januar die Ausgabe der \u00fcber Berechtigungsscheine der Krankenkassen zu beziehenden FFP2-Masken in den Apotheken anlief, war f\u00fcr die Inhaberin der \u201eAlten Apotheke\u201c Ulrike St\u00e4udel sofort klar, dass sie auf den f\u00e4lligen Eigenanteil ganz und gar verzichten wolle.<\/p>\n<p>Stattdessen k\u00fcndigte sie \u00fcber verschiedene Medienwege an, dass sie den f\u00e4lligen Eigenanteil komplett an die Freiwillige Feuerwehr Mainz-Kostheim spenden werde. Man wolle damit versuchen, die in diesem Jahr durch die Pandemie und der ausgefallenen Weihnachtsbaumsammlung verursachten Spendenverluste zu kompensieren.<\/p>\n<p><a href=\"https:\/\/www.alte-apotheke-kostheim.de\/\" target=\"_blank\" rel=\"noopener\"><img loading=\"lazy\" decoding=\"async\" class=\"alignleft wp-image-5925 size-full\" src=\"https:\/\/www.feuerwehrkostheim.de\/wp-content\/uploads\/2021\/03\/logo_alteapo.jpg\" alt=\"\" width=\"180\" height=\"180\" srcset=\"https:\/\/www.feuerwehrkostheim.de\/wp-content\/uploads\/2021\/03\/logo_alteapo.jpg 180w, https:\/\/www.feuerwehrkostheim.de\/wp-content\/uploads\/2021\/03\/logo_alteapo-150x150.jpg 150w\" sizes=\"(max-width: 180px) 100vw, 180px\" \/><\/a>Diese Woche war es dann so weit. Nach beendeter Spendenaktion \u00fcberbrachte Frau Ulrike St\u00e4udel dem Kostheimer Wehrf\u00fchrer, Michael Stark, pers\u00f6nlich den gro\u00dfen Scheck. Mit ihrer Aktion und der tatkr\u00e4ftigen Unterst\u00fctzung aller berechtigten B\u00fcrgerinnen und B\u00fcrger hatte sie so sage und schreibe 2000\u20ac eingesammelt.<\/p>\n<p>Mit gro\u00dfer Freude nahm der Wehrf\u00fchrer den Spendenscheck entgegen und bedankte sich tausendfach f\u00fcr die tolle Aktion und die gro\u00dfe Spendensumme. &#8220;Es ist immer wieder sch\u00f6n, wenn man als Freiwillige Feuerwehr die Anerkennung und Wertsch\u00e4tzung der Bev\u00f6lkerung erf\u00e4hrt&#8221;, so Michael Stark.<\/p>\n<p>In diesem Zuge m\u00f6chte sich die Jugendfeuerwehr Kostheim auch bei allen B\u00fcrgerinnen und B\u00fcrgern bedanken, die zu Jahresbeginn \u00fcber die PayPal-Spendenaktion des Stadtjugendfeuerwehrverbandes ebenfalls die Arbeit des Feuerwehrnachwuchses mit einer Spende unterst\u00fctzten.<\/p>\n","protected":false},"excerpt":{"rendered":"<p>Inhaberin der \u201eAlten Apotheke\u201c \u00fcberrascht Kostheimer Feuerwehr Als Anfang Januar die Ausgabe der \u00fcber Berechtigungsscheine der Krankenkassen zu beziehenden FFP2-Masken in den Apotheken anlief, war f\u00fcr die Inhaberin der \u201eAlten Apotheke\u201c Ulrike St\u00e4udel sofort klar, dass sie auf den f\u00e4lligen Eigenanteil ganz und gar verzichten wolle. Stattdessen k\u00fcndigte sie \u00fcber verschiedene Medienwege an, dass sie [&hellip;]<\/p>\n","protected":false},"author":1,"featured_media":0,"comment_status":"closed","ping_status":"open","sticky":false,"template":"","format":"standard","meta":{"_et_pb_use_builder":"","_et_pb_old_content":"","_et_gb_content_width":"","_crdt_document":"","footnotes":""},"categories":[1,3,4,7],"tags":[53,1384,1383,1385,223,278,1386],"class_list":["post-5919","post","type-post","status-publish","format-standard","hentry","category-allgemein","category-bambinifeuerwehr","category-einsatzabteilung","category-jugendfeuerwehr","tag-aktion","tag-alte","tag-apotheke","tag-dank","tag-kostheim","tag-spende","tag-staeudel"],"_links":{"self":[{"href":"https:\/\/www.feuerwehrkostheim.de\/index.php?rest_route=\/wp\/v2\/posts\/5919","targetHints":{"allow":["GET"]}}],"collection":[{"href":"https:\/\/www.feuerwehrkostheim.de\/index.php?rest_route=\/wp\/v2\/posts"}],"about":[{"href":"https:\/\/www.feuerwehrkostheim.de\/index.php?rest_route=\/wp\/v2\/types\/post"}],"author":[{"embeddable":true,"href":"https:\/\/www.feuerwehrkostheim.de\/index.php?rest_route=\/wp\/v2\/users\/1"}],"replies":[{"embeddable":true,"href":"https:\/\/www.feuerwehrkostheim.de\/index.php?rest_route=%2Fwp%2Fv2%2Fcomments&post=5919"}],"version-history":[{"count":6,"href":"https:\/\/www.feuerwehrkostheim.de\/index.php?rest_route=\/wp\/v2\/posts\/5919\/revisions"}],"predecessor-version":[{"id":5928,"href":"https:\/\/www.feuerwehrkostheim.de\/index.php?rest_route=\/wp\/v2\/posts\/5919\/revisions\/5928"}],"wp:attachment":[{"href":"https:\/\/www.feuerwehrkostheim.de\/index.php?rest_route=%2Fwp%2Fv2%2Fmedia&parent=5919"}],"wp:term":[{"taxonomy":"category","embeddable":true,"href":"https:\/\/www.feuerwehrkostheim.de\/index.php?rest_route=%2Fwp%2Fv2%2Fcategories&post=5919"},{"taxonomy":"post_tag","embeddable":true,"href":"https:\/\/www.feuerwehrkostheim.de\/index.php?rest_route=%2Fwp%2Fv2%2Ftags&post=5919"}],"curies":[{"name":"wp","href":"https:\/\/api.w.org\/{rel}","templated":true}]}}