{"id":5899,"date":"2021-02-15T16:45:45","date_gmt":"2021-02-15T15:45:45","guid":{"rendered":"https:\/\/www.feuerwehrkostheim.de\/?p=5899"},"modified":"2021-02-15T16:46:12","modified_gmt":"2021-02-15T15:46:12","slug":"kostheimer-jugendfeuerwehr-trotzt-corona-und-startet-erste-onlineuebung","status":"publish","type":"post","link":"https:\/\/www.feuerwehrkostheim.de\/?p=5899","title":{"rendered":"Kostheimer Jugendfeuerwehr trotzt Corona und startet erste Online\u00fcbung"},"content":{"rendered":"<p>Nachdem nunmehr seit Anfang Dezember erneut keine praktischen \u00dcbungsdienste abgehalten werden d\u00fcrfen, hat sich auch die Jugendfeuerwehr Kostheim dazu entschlossen mit der Umsetzung von Online\u00fcbungen durchzustarten.<\/p>\n<p><a href=\"https:\/\/www.feuerwehrkostheim.de\/wp-content\/uploads\/2021\/02\/2021-02-13_Onlineuebung-JF-scaled.jpg\"><img decoding=\"async\" class=\"alignright size-medium wp-image-5898\" style=\"border: 4px solid #D8D8D8;\" src=\"https:\/\/www.feuerwehrkostheim.de\/wp-content\/uploads\/2021\/02\/2021-02-13_Onlineuebung-JF-300x225.jpg\" alt=\"\" height=\"225\" srcset=\"https:\/\/www.feuerwehrkostheim.de\/wp-content\/uploads\/2021\/02\/2021-02-13_Onlineuebung-JF-300x225.jpg 300w, https:\/\/www.feuerwehrkostheim.de\/wp-content\/uploads\/2021\/02\/2021-02-13_Onlineuebung-JF-1024x768.jpg 1024w, https:\/\/www.feuerwehrkostheim.de\/wp-content\/uploads\/2021\/02\/2021-02-13_Onlineuebung-JF-768x576.jpg 768w, https:\/\/www.feuerwehrkostheim.de\/wp-content\/uploads\/2021\/02\/2021-02-13_Onlineuebung-JF-1536x1152.jpg 1536w, https:\/\/www.feuerwehrkostheim.de\/wp-content\/uploads\/2021\/02\/2021-02-13_Onlineuebung-JF-2048x1536.jpg 2048w\" sizes=\"(max-width: 300px) 100vw, 300px\" \/><\/a>Am vergangenen Samstag war es dann soweit. P\u00fcnktlich um 13:30 Uhr trafen sich die Jugendlichen und ihre Jugendwarte zum gemeinsamen Online\u00fcbungsdienst der etwas anderen Art. Denn eigentlich w\u00e4ren an diesem Samstag die Jungblaur\u00f6cke mit ihren Jugendwarten auf dem allj\u00e4hrlich stattfindenden Rekrutenumzug vertreten gewesen. Doch da dieser wegen Corona ausgefallen war, hatte man sich kurzerhand dazu entschlossen den \u00dcbungsdienst einfach in den Lieblingsfaschingskost\u00fcmen der Kids abzuhalten und mit einem dreifachdonnernden \u201eHelauuuu!\u201c zu er\u00f6ffnen.<\/p>\n<p><!--more-->Auf spielerische Weise frischte man vergessen gegangenes Feuerwehrfachwissen auf und sorgte durch die Gruppenbildung nebenbei f\u00fcr das allseits geliebte Zusammengeh\u00f6rigkeitsgef\u00fchl.<\/p>\n<p>Nach diesem erfolgreich abgehaltenen Online\u00fcbungsdienst, der allen Beteiligten sehr viel Spa\u00df gemacht hat, freuen sich der Feuerwehrnachwuchs sowie deren Jugendwarte schon auf den N\u00e4chsten.<\/p>\n<p>Getreu dem Motto: \u201eEiner f\u00fcr Alle und Alle f\u00fcr Einen!\u201c lassen wir uns von Corona nicht unterkriegen und bleiben weiterhin am Ball, um aus unseren Kindern und Jugendlichen baldige Feuerwehrm\u00e4nner und -frauen zu machen.<\/p>\n","protected":false},"excerpt":{"rendered":"<p>Nachdem nunmehr seit Anfang Dezember erneut keine praktischen \u00dcbungsdienste abgehalten werden d\u00fcrfen, hat sich auch die Jugendfeuerwehr Kostheim dazu entschlossen mit der Umsetzung von Online\u00fcbungen durchzustarten. Am vergangenen Samstag war es dann soweit. P\u00fcnktlich um 13:30 Uhr trafen sich die Jugendlichen und ihre Jugendwarte zum gemeinsamen Online\u00fcbungsdienst der etwas anderen Art. Denn eigentlich w\u00e4ren an [&hellip;]<\/p>\n","protected":false},"author":4,"featured_media":0,"comment_status":"closed","ping_status":"open","sticky":false,"template":"","format":"standard","meta":{"_et_pb_use_builder":"","_et_pb_old_content":"","_et_gb_content_width":"","_crdt_document":"","footnotes":""},"categories":[7],"tags":[187,1378,131,1379,105],"class_list":["post-5899","post","type-post","status-publish","format-standard","hentry","category-jugendfeuerwehr","tag-fastnacht","tag-feuerwehrnachwuchs","tag-nachwuchs","tag-onlineuebung","tag-ubung"],"_links":{"self":[{"href":"https:\/\/www.feuerwehrkostheim.de\/index.php?rest_route=\/wp\/v2\/posts\/5899","targetHints":{"allow":["GET"]}}],"collection":[{"href":"https:\/\/www.feuerwehrkostheim.de\/index.php?rest_route=\/wp\/v2\/posts"}],"about":[{"href":"https:\/\/www.feuerwehrkostheim.de\/index.php?rest_route=\/wp\/v2\/types\/post"}],"author":[{"embeddable":true,"href":"https:\/\/www.feuerwehrkostheim.de\/index.php?rest_route=\/wp\/v2\/users\/4"}],"replies":[{"embeddable":true,"href":"https:\/\/www.feuerwehrkostheim.de\/index.php?rest_route=%2Fwp%2Fv2%2Fcomments&post=5899"}],"version-history":[{"count":1,"href":"https:\/\/www.feuerwehrkostheim.de\/index.php?rest_route=\/wp\/v2\/posts\/5899\/revisions"}],"predecessor-version":[{"id":5900,"href":"https:\/\/www.feuerwehrkostheim.de\/index.php?rest_route=\/wp\/v2\/posts\/5899\/revisions\/5900"}],"wp:attachment":[{"href":"https:\/\/www.feuerwehrkostheim.de\/index.php?rest_route=%2Fwp%2Fv2%2Fmedia&parent=5899"}],"wp:term":[{"taxonomy":"category","embeddable":true,"href":"https:\/\/www.feuerwehrkostheim.de\/index.php?rest_route=%2Fwp%2Fv2%2Fcategories&post=5899"},{"taxonomy":"post_tag","embeddable":true,"href":"https:\/\/www.feuerwehrkostheim.de\/index.php?rest_route=%2Fwp%2Fv2%2Ftags&post=5899"}],"curies":[{"name":"wp","href":"https:\/\/api.w.org\/{rel}","templated":true}]}}