{"id":5851,"date":"2021-01-21T18:38:35","date_gmt":"2021-01-21T17:38:35","guid":{"rendered":"https:\/\/www.feuerwehrkostheim.de\/?p=5851"},"modified":"2021-01-21T18:43:16","modified_gmt":"2021-01-21T17:43:16","slug":"brand-einer-elektroverteilung","status":"publish","type":"post","link":"https:\/\/www.feuerwehrkostheim.de\/?p=5851","title":{"rendered":"Brand einer Elektroverteilung"},"content":{"rendered":"<p><img loading=\"lazy\" decoding=\"async\" class=\"alignleft\" title=\"Einsatz-Logo\" src=\"https:\/\/www.feuerwehrkostheim.de\/wp-content\/bilder\/sonstige\/logo_einsatz.jpg\" alt=\"Einsatz-Logo\" width=\"100\" height=\"100\" \/><strong>21. Januar 2021 &#8211; 14:38 Uhr<\/strong><br \/>\n<strong>Wiesbadener Stra\u00dfe<\/strong><br \/>\nF2 &#8211; Alarmgruppe mit FF Kastel<br \/>\nEinsatz 02 &#8211; 2021<\/p>\n<p><a href=\"https:\/\/www.feuerwehrkostheim.de\/wp-content\/uploads\/2021\/01\/2021-01-21-Kellerbrand-Kastel.jpg\" target=\"_blank\" rel=\"noopener\"><img loading=\"lazy\" decoding=\"async\" class=\"alignright size-medium wp-image-5852\" style=\"border: 4px solid #D8D8D8;\" src=\"https:\/\/www.feuerwehrkostheim.de\/wp-content\/uploads\/2021\/01\/2021-01-21-Kellerbrand-Kastel-300x169.jpg\" width=\"300\" height=\"169\" srcset=\"https:\/\/www.feuerwehrkostheim.de\/wp-content\/uploads\/2021\/01\/2021-01-21-Kellerbrand-Kastel-300x169.jpg 300w, https:\/\/www.feuerwehrkostheim.de\/wp-content\/uploads\/2021\/01\/2021-01-21-Kellerbrand-Kastel-1024x576.jpg 1024w, https:\/\/www.feuerwehrkostheim.de\/wp-content\/uploads\/2021\/01\/2021-01-21-Kellerbrand-Kastel-768x432.jpg 768w, https:\/\/www.feuerwehrkostheim.de\/wp-content\/uploads\/2021\/01\/2021-01-21-Kellerbrand-Kastel.jpg 1500w\" sizes=\"(max-width: 300px) 100vw, 300px\" \/><\/a>Die Kostheimer Feuerwehr wurde am Donnerstagnachmittag zusammen mit den Kollegen aus Kastel sowie dem L\u00f6schzug der Berufsfeuerwehr zu einem Kellerbrand in der Wiesbadener Stra\u00dfe alarmiert. Beim Eintreffen der ersten Kr\u00e4fte stellten sie eine Verrauchung des Treppenhauses fest und gingen mit einem Trupp unter Atemschutz ins Geb\u00e4ude vor. W\u00e4hrend man den eigentlichen Brandherd im Keller \u2013 eine brennende Elektroverteilung \u2013 schnell auffinden und abl\u00f6schen konnte, stellte die Verrauchung des verwinkelten Geb\u00e4udes, welches \u00fcber insgesamt sechs Stockwerke verf\u00fcgte, die Kr\u00e4fte vor eine Herausforderung. Mit verschiedenen Hochleistungsl\u00fcftern schaffte man es die Flure nach und nach rauchfrei zu bekommen. W\u00e4hrend die Kameraden der Berufsfeuerwehr im Keller t\u00e4tig waren, \u00fcberpr\u00fcfte ein Trupp der Feuerwehr Kostheim unter Atemschutz alle Wohnungen. Ein weiterer Trupp aus Kostheim stand mit Atemschutz als Sicherheitstrupp f\u00fcr die eingesetzten Kameraden zur Verf\u00fcgung. Eine Person wurde vorsorglich vom bereitstehenden Rettungsdienst und dem hinzugezogenen Notarzt untersucht.<\/p>\n<p>F\u00fcr die Feuerwehr Kostheim, die mit beiden L\u00f6schfahrzeugen vor Ort war, war der Einsatz nach etwa zwei Stunden beendet.<\/p>\n","protected":false},"excerpt":{"rendered":"<p>21. Januar 2021 &#8211; 14:38 Uhr Wiesbadener Stra\u00dfe F2 &#8211; Alarmgruppe mit FF Kastel Einsatz 02 &#8211; 2021 Die Kostheimer Feuerwehr wurde am Donnerstagnachmittag zusammen mit den Kollegen aus Kastel sowie dem L\u00f6schzug der Berufsfeuerwehr zu einem Kellerbrand in der Wiesbadener Stra\u00dfe alarmiert. Beim Eintreffen der ersten Kr\u00e4fte stellten sie eine Verrauchung des Treppenhauses fest [&hellip;]<\/p>\n","protected":false},"author":1,"featured_media":0,"comment_status":"closed","ping_status":"open","sticky":false,"template":"","format":"standard","meta":{"_et_pb_use_builder":"","_et_pb_old_content":"","_et_gb_content_width":"","_crdt_document":"","footnotes":""},"categories":[5],"tags":[110,1265,31,236,366,111,340],"class_list":["post-5851","post","type-post","status-publish","format-standard","hentry","category-einsatze","tag-alarmgruppe","tag-f2","tag-feuer","tag-keller","tag-rauch","tag-rauchentwicklung","tag-treppenhaus"],"_links":{"self":[{"href":"https:\/\/www.feuerwehrkostheim.de\/index.php?rest_route=\/wp\/v2\/posts\/5851","targetHints":{"allow":["GET"]}}],"collection":[{"href":"https:\/\/www.feuerwehrkostheim.de\/index.php?rest_route=\/wp\/v2\/posts"}],"about":[{"href":"https:\/\/www.feuerwehrkostheim.de\/index.php?rest_route=\/wp\/v2\/types\/post"}],"author":[{"embeddable":true,"href":"https:\/\/www.feuerwehrkostheim.de\/index.php?rest_route=\/wp\/v2\/users\/1"}],"replies":[{"embeddable":true,"href":"https:\/\/www.feuerwehrkostheim.de\/index.php?rest_route=%2Fwp%2Fv2%2Fcomments&post=5851"}],"version-history":[{"count":3,"href":"https:\/\/www.feuerwehrkostheim.de\/index.php?rest_route=\/wp\/v2\/posts\/5851\/revisions"}],"predecessor-version":[{"id":5855,"href":"https:\/\/www.feuerwehrkostheim.de\/index.php?rest_route=\/wp\/v2\/posts\/5851\/revisions\/5855"}],"wp:attachment":[{"href":"https:\/\/www.feuerwehrkostheim.de\/index.php?rest_route=%2Fwp%2Fv2%2Fmedia&parent=5851"}],"wp:term":[{"taxonomy":"category","embeddable":true,"href":"https:\/\/www.feuerwehrkostheim.de\/index.php?rest_route=%2Fwp%2Fv2%2Fcategories&post=5851"},{"taxonomy":"post_tag","embeddable":true,"href":"https:\/\/www.feuerwehrkostheim.de\/index.php?rest_route=%2Fwp%2Fv2%2Ftags&post=5851"}],"curies":[{"name":"wp","href":"https:\/\/api.w.org\/{rel}","templated":true}]}}