{"id":5841,"date":"2021-01-13T16:53:33","date_gmt":"2021-01-13T15:53:33","guid":{"rendered":"https:\/\/www.feuerwehrkostheim.de\/?p=5841"},"modified":"2021-01-13T16:57:17","modified_gmt":"2021-01-13T15:57:17","slug":"unfall-auf-der-bab671-hoehe-hochheim-sued","status":"publish","type":"post","link":"https:\/\/www.feuerwehrkostheim.de\/?p=5841","title":{"rendered":"Unfall auf der BAB671 H\u00f6he Hochheim S\u00fcd"},"content":{"rendered":"<p><img loading=\"lazy\" decoding=\"async\" class=\"alignleft\" title=\"Einsatz-Logo\" src=\"https:\/\/www.feuerwehrkostheim.de\/wp-content\/bilder\/sonstige\/logo_einsatz.jpg\" alt=\"Einsatz-Logo\" width=\"100\" height=\"100\" \/><strong>12. Januar 2021 &#8211; 16:27 Uhr<\/strong><br \/>\n<strong>BAB 671 &#8211; Mainz-Kastel Richtung Hochheim<\/strong><br \/>\nH KLEMM 1 Y &#8211; Alarmgruppe mit FF Kastel<br \/>\nEinsatz 01 &#8211; 2021<\/p>\n<p>Die Feuerwehr Kostheim musste am Dienstagnachmittag zum ersten Mal in diesem Jahr zu einem Einsatz ausr\u00fccken. Zusammen mit den Kollegen aus Kastel sowie der Berufsfeuerwehr steuerte man die BAB 671 zwischen Kastel und Hochheim an, da von dort ein Verkehrsungl\u00fcck mit mehreren Fahrzeugen sowie verletzten Personen gemeldet wurde. Nachdem man die Unfallstelle lokalisiert hatte \u2013 sie befand sich im Bereich der Anschlussstelle Hochheim S\u00fcd \u2013 sperrte man kurzzeitig die Autobahn Richtung S\u00fcden komplett, um sich ein Bild \u00fcber die Lage zu machen. Insgesamt waren vier Fahrzeuge an dem Unfall beteiligt und zwei verletzte Personen mussten vom ebenfalls anger\u00fcckten Rettungsdienst betreut werden. Da die anf\u00e4ngliche Meldung \u00fcber eine h\u00f6here Anzahl an verletzten Personen Gl\u00fccklicher Weise vorlag, alarmierte die Leitstelle zudem weitere Rettungsmittel sowie die technische Einsatzleitung Rettungsdienst. Da gl\u00fccklicher Weise niemand eingeklemmt war, beschr\u00e4nkte sich die Arbeit der Feuerwehr auf die Absicherung der Unfallstelle sowie das Sichern der verunfallten Fahrzeuge. F\u00fcr die Kostheimer Kameraden war der Einsatz, bei dem auch Kr\u00e4fte aus dem Main-Taunus-Kreis sowie dem Kreis Gro\u00df-Gerau eingebunden waren, beendet.<\/p>\n","protected":false},"excerpt":{"rendered":"<p>12. Januar 2021 &#8211; 16:27 Uhr BAB 671 &#8211; Mainz-Kastel Richtung Hochheim H KLEMM 1 Y &#8211; Alarmgruppe mit FF Kastel Einsatz 01 &#8211; 2021 Die Feuerwehr Kostheim musste am Dienstagnachmittag zum ersten Mal in diesem Jahr zu einem Einsatz ausr\u00fccken. Zusammen mit den Kollegen aus Kastel sowie der Berufsfeuerwehr steuerte man die BAB 671 [&hellip;]<\/p>\n","protected":false},"author":1,"featured_media":0,"comment_status":"closed","ping_status":"open","sticky":false,"template":"","format":"standard","meta":{"_et_pb_use_builder":"","_et_pb_old_content":"","_et_gb_content_width":"","_crdt_document":"","footnotes":""},"categories":[5],"tags":[494,110,1371,1372],"class_list":["post-5841","post","type-post","status-publish","format-standard","hentry","category-einsatze","tag-a671","tag-alarmgruppe","tag-bab671","tag-hklemm1y"],"_links":{"self":[{"href":"https:\/\/www.feuerwehrkostheim.de\/index.php?rest_route=\/wp\/v2\/posts\/5841","targetHints":{"allow":["GET"]}}],"collection":[{"href":"https:\/\/www.feuerwehrkostheim.de\/index.php?rest_route=\/wp\/v2\/posts"}],"about":[{"href":"https:\/\/www.feuerwehrkostheim.de\/index.php?rest_route=\/wp\/v2\/types\/post"}],"author":[{"embeddable":true,"href":"https:\/\/www.feuerwehrkostheim.de\/index.php?rest_route=\/wp\/v2\/users\/1"}],"replies":[{"embeddable":true,"href":"https:\/\/www.feuerwehrkostheim.de\/index.php?rest_route=%2Fwp%2Fv2%2Fcomments&post=5841"}],"version-history":[{"count":4,"href":"https:\/\/www.feuerwehrkostheim.de\/index.php?rest_route=\/wp\/v2\/posts\/5841\/revisions"}],"predecessor-version":[{"id":5846,"href":"https:\/\/www.feuerwehrkostheim.de\/index.php?rest_route=\/wp\/v2\/posts\/5841\/revisions\/5846"}],"wp:attachment":[{"href":"https:\/\/www.feuerwehrkostheim.de\/index.php?rest_route=%2Fwp%2Fv2%2Fmedia&parent=5841"}],"wp:term":[{"taxonomy":"category","embeddable":true,"href":"https:\/\/www.feuerwehrkostheim.de\/index.php?rest_route=%2Fwp%2Fv2%2Fcategories&post=5841"},{"taxonomy":"post_tag","embeddable":true,"href":"https:\/\/www.feuerwehrkostheim.de\/index.php?rest_route=%2Fwp%2Fv2%2Ftags&post=5841"}],"curies":[{"name":"wp","href":"https:\/\/api.w.org\/{rel}","templated":true}]}}