{"id":5812,"date":"2020-12-23T15:49:34","date_gmt":"2020-12-23T14:49:34","guid":{"rendered":"https:\/\/www.feuerwehrkostheim.de\/?p=5812"},"modified":"2020-12-30T14:04:10","modified_gmt":"2020-12-30T13:04:10","slug":"weihnachtsgruss","status":"publish","type":"post","link":"https:\/\/www.feuerwehrkostheim.de\/?p=5812","title":{"rendered":"Weihnachtsgru\u00df"},"content":{"rendered":"<p><a href=\"https:\/\/www.feuerwehrkostheim.de\/wp-content\/uploads\/2020\/12\/Weihnachtsgruss-FF-1000-.jpg\" target=\"_blank\" rel=\"noopener noreferrer\"><img loading=\"lazy\" decoding=\"async\" class=\"aligncenter wp-image-5811\" src=\"https:\/\/www.feuerwehrkostheim.de\/wp-content\/uploads\/2020\/12\/Weihnachtsgruss-FF-1000--300x203.jpg\" alt=\"\" width=\"637\" height=\"431\" srcset=\"https:\/\/www.feuerwehrkostheim.de\/wp-content\/uploads\/2020\/12\/Weihnachtsgruss-FF-1000--300x203.jpg 300w, https:\/\/www.feuerwehrkostheim.de\/wp-content\/uploads\/2020\/12\/Weihnachtsgruss-FF-1000--768x520.jpg 768w, https:\/\/www.feuerwehrkostheim.de\/wp-content\/uploads\/2020\/12\/Weihnachtsgruss-FF-1000-.jpg 1000w\" sizes=\"(max-width: 637px) 100vw, 637px\" \/><\/a><\/p>\n<p><em>Ein au\u00dfergew\u00f6hnliches Jahr neigt sich seinem Ende zu. Corona hat unser Leben beruflich und privat komplett auf den Kopf gestellt, anders kann man es wohl nicht sagen. 2020 war ein Jahr, welches uns allen sicher nachhaltig in Erinnerung bleiben wird.<\/em><\/p>\n<p><em>Wir mussten lernen, mit ungeahnten Einschr\u00e4nkungen umzugehen. Liebgewonnene Gewohnheiten und menschliche N\u00e4he waren pl\u00f6tzlich keine Selbstverst\u00e4ndlichkeit mehr. Das hat viele von uns, menschlich wie beruflich, an Grenzen gef\u00fchrt.<\/em><\/p>\n<p><em>Mit Blick auf die Pandemie hoffen wir, dass der in Aussicht stehende Impfstoff dazu beitr\u00e4gt, dass sich unser aller Leben wieder langsam normalisieren wird. <\/em><\/p>\n<p><em>Wir m\u00f6chten uns herzlich bei unseren Unterst\u00fctzern f\u00fcr das Engagement sowie die gute Zusammenarbeit bedanken.<\/em><\/p>\n<p><strong><em>Die Feuerwehr Kostheim w\u00fcnscht ALLEN erholsame Feiertage sowie einen guten Start in ein vor allem gesundes und gl\u00fcckliches neue Jahr!<\/em><\/strong><\/p>\n","protected":false},"excerpt":{"rendered":"<p>Ein au\u00dfergew\u00f6hnliches Jahr neigt sich seinem Ende zu. Corona hat unser Leben beruflich und privat komplett auf den Kopf gestellt, anders kann man es wohl nicht sagen. 2020 war ein Jahr, welches uns allen sicher nachhaltig in Erinnerung bleiben wird. Wir mussten lernen, mit ungeahnten Einschr\u00e4nkungen umzugehen. Liebgewonnene Gewohnheiten und menschliche N\u00e4he waren pl\u00f6tzlich keine [&hellip;]<\/p>\n","protected":false},"author":1,"featured_media":0,"comment_status":"closed","ping_status":"open","sticky":false,"template":"","format":"standard","meta":{"_et_pb_use_builder":"","_et_pb_old_content":"","_et_gb_content_width":"","_crdt_document":"","footnotes":""},"categories":[1],"tags":[1332,930,779],"class_list":["post-5812","post","type-post","status-publish","format-standard","hentry","category-allgemein","tag-danke","tag-weihnachtsgruss","tag-weihnachtsgruesse"],"_links":{"self":[{"href":"https:\/\/www.feuerwehrkostheim.de\/index.php?rest_route=\/wp\/v2\/posts\/5812","targetHints":{"allow":["GET"]}}],"collection":[{"href":"https:\/\/www.feuerwehrkostheim.de\/index.php?rest_route=\/wp\/v2\/posts"}],"about":[{"href":"https:\/\/www.feuerwehrkostheim.de\/index.php?rest_route=\/wp\/v2\/types\/post"}],"author":[{"embeddable":true,"href":"https:\/\/www.feuerwehrkostheim.de\/index.php?rest_route=\/wp\/v2\/users\/1"}],"replies":[{"embeddable":true,"href":"https:\/\/www.feuerwehrkostheim.de\/index.php?rest_route=%2Fwp%2Fv2%2Fcomments&post=5812"}],"version-history":[{"count":3,"href":"https:\/\/www.feuerwehrkostheim.de\/index.php?rest_route=\/wp\/v2\/posts\/5812\/revisions"}],"predecessor-version":[{"id":5815,"href":"https:\/\/www.feuerwehrkostheim.de\/index.php?rest_route=\/wp\/v2\/posts\/5812\/revisions\/5815"}],"wp:attachment":[{"href":"https:\/\/www.feuerwehrkostheim.de\/index.php?rest_route=%2Fwp%2Fv2%2Fmedia&parent=5812"}],"wp:term":[{"taxonomy":"category","embeddable":true,"href":"https:\/\/www.feuerwehrkostheim.de\/index.php?rest_route=%2Fwp%2Fv2%2Fcategories&post=5812"},{"taxonomy":"post_tag","embeddable":true,"href":"https:\/\/www.feuerwehrkostheim.de\/index.php?rest_route=%2Fwp%2Fv2%2Ftags&post=5812"}],"curies":[{"name":"wp","href":"https:\/\/api.w.org\/{rel}","templated":true}]}}