{"id":5808,"date":"2020-12-02T20:06:45","date_gmt":"2020-12-02T19:06:45","guid":{"rendered":"https:\/\/www.feuerwehrkostheim.de\/?p=5808"},"modified":"2020-12-02T20:06:45","modified_gmt":"2020-12-02T19:06:45","slug":"uebungslauf-fuer-das-wiesbadener-impfzentrum","status":"publish","type":"post","link":"https:\/\/www.feuerwehrkostheim.de\/?p=5808","title":{"rendered":"\u00dcbungslauf f\u00fcr das Wiesbadener Impfzentrum"},"content":{"rendered":"<p><img loading=\"lazy\" decoding=\"async\" class=\"alignleft\" title=\"Einsatz-Logo\" src=\"https:\/\/www.feuerwehrkostheim.de\/wp-content\/bilder\/sonstige\/logo_einsatz.jpg\" alt=\"Einsatz-Logo\" width=\"100\" height=\"100\" \/><strong>29. November 2020 &#8211; 07:30 Uhr<\/strong><br \/>\n<strong>Rhein-Main-Congress-Center<\/strong><br \/>\nAMTSHILFE<br \/>\nEinsatz 55 &#8211; 2020<\/p>\n<p>Vier Kameraden der Kostheimer Feuerwehr waren am Sonntagmorgen in einen Testlauf eingebunden, um das von der Stadt Wiesbaden im Aufbau befindliche Impfzentrum im Rhein-Main-Congress-Center zu be\u00fcben. Im Fokus standen neben der Steuerung von Personenstr\u00f6men; der zeitliche Bedarf eines Durchlaufes auch die \u00dcberpr\u00fcfung der Abl\u00e4ufe w\u00e4hrend des gesamten Impfvorgangs. Zusammen mit Kameraden aus Erbenheim und Kloppenheim hatte man zudem noch kleine Sonderaufgaben bekommen, um ein paar Szenarien mit in die \u00dcberpr\u00fcfung zu bringen. So mussten einige Kameraden etwas kritischer bei den einzelnen Stationen (Aufkl\u00e4rung oder Impfen) sein oder einen potenziellen St\u00f6renfried spielen.<br \/>\nDurch diese \u00dcbung konnten f\u00fcr die Verantwortlichen wichtige Erkenntnisse gewonnen werden, um f\u00fcr den Realbetrieb des Impfzentrums anzugehen.<\/p>\n<p>Insgesamt waren neben jeweils vier Personen aller Freiwilligen Feuerwehren auch Vertreter der Rettungsdienste sowie der DLRG in den Probelauf eingebunden.<\/p>\n","protected":false},"excerpt":{"rendered":"<p>29. November 2020 &#8211; 07:30 Uhr Rhein-Main-Congress-Center AMTSHILFE Einsatz 55 &#8211; 2020 Vier Kameraden der Kostheimer Feuerwehr waren am Sonntagmorgen in einen Testlauf eingebunden, um das von der Stadt Wiesbaden im Aufbau befindliche Impfzentrum im Rhein-Main-Congress-Center zu be\u00fcben. Im Fokus standen neben der Steuerung von Personenstr\u00f6men; der zeitliche Bedarf eines Durchlaufes auch die \u00dcberpr\u00fcfung der [&hellip;]<\/p>\n","protected":false},"author":1,"featured_media":0,"comment_status":"closed","ping_status":"open","sticky":false,"template":"","format":"standard","meta":{"_et_pb_use_builder":"","_et_pb_old_content":"","_et_gb_content_width":"","_crdt_document":"","footnotes":""},"categories":[4],"tags":[1368,1318,1369,105],"class_list":["post-5808","post","type-post","status-publish","format-standard","hentry","category-einsatzabteilung","tag-amtshilfe","tag-corona","tag-impfen","tag-ubung"],"_links":{"self":[{"href":"https:\/\/www.feuerwehrkostheim.de\/index.php?rest_route=\/wp\/v2\/posts\/5808","targetHints":{"allow":["GET"]}}],"collection":[{"href":"https:\/\/www.feuerwehrkostheim.de\/index.php?rest_route=\/wp\/v2\/posts"}],"about":[{"href":"https:\/\/www.feuerwehrkostheim.de\/index.php?rest_route=\/wp\/v2\/types\/post"}],"author":[{"embeddable":true,"href":"https:\/\/www.feuerwehrkostheim.de\/index.php?rest_route=\/wp\/v2\/users\/1"}],"replies":[{"embeddable":true,"href":"https:\/\/www.feuerwehrkostheim.de\/index.php?rest_route=%2Fwp%2Fv2%2Fcomments&post=5808"}],"version-history":[{"count":1,"href":"https:\/\/www.feuerwehrkostheim.de\/index.php?rest_route=\/wp\/v2\/posts\/5808\/revisions"}],"predecessor-version":[{"id":5809,"href":"https:\/\/www.feuerwehrkostheim.de\/index.php?rest_route=\/wp\/v2\/posts\/5808\/revisions\/5809"}],"wp:attachment":[{"href":"https:\/\/www.feuerwehrkostheim.de\/index.php?rest_route=%2Fwp%2Fv2%2Fmedia&parent=5808"}],"wp:term":[{"taxonomy":"category","embeddable":true,"href":"https:\/\/www.feuerwehrkostheim.de\/index.php?rest_route=%2Fwp%2Fv2%2Fcategories&post=5808"},{"taxonomy":"post_tag","embeddable":true,"href":"https:\/\/www.feuerwehrkostheim.de\/index.php?rest_route=%2Fwp%2Fv2%2Ftags&post=5808"}],"curies":[{"name":"wp","href":"https:\/\/api.w.org\/{rel}","templated":true}]}}