{"id":5777,"date":"2020-09-17T18:29:59","date_gmt":"2020-09-17T17:29:59","guid":{"rendered":"https:\/\/www.feuerwehrkostheim.de\/?p=5777"},"modified":"2020-09-17T18:35:26","modified_gmt":"2020-09-17T17:35:26","slug":"feuerwehreinsatz-im-papierwerk-geraet-zur-nebensache-zeitverzug-und-eigenunfall-sorgen-unmut","status":"publish","type":"post","link":"https:\/\/www.feuerwehrkostheim.de\/?p=5777","title":{"rendered":"Feuerwehreinsatz im Papierwerk ger\u00e4t zur Nebensache &#8211; Zeitverzug und Eigenunfall sorgen Unmut"},"content":{"rendered":"<p><img loading=\"lazy\" decoding=\"async\" class=\"alignleft\" title=\"Einsatz-Logo\" src=\"https:\/\/www.feuerwehrkostheim.de\/wp-content\/bilder\/sonstige\/logo_einsatz.jpg\" alt=\"Einsatz-Logo\" width=\"100\" height=\"100\" \/><strong>16. September 2020 &#8211; 23:25 Uhr<\/strong><br \/>\n<strong>Hauptstra\u00dfe 1<\/strong><br \/>\nF 2<br \/>\nEinsatz 45 &#8211; 2020<\/p>\n<p>Am sp\u00e4ten Mittwochabend r\u00fcckte die Kostheimer Feuerwehr zusammen mit dem L\u00f6schzug der Berufsfeuerwehr zur Unterst\u00fctzung der Werkfeuerwehr ins Papierwerk nach Kostheim aus. W\u00e4hrend der Einsatz auf dem Werksgel\u00e4nde nach etwas mehr als einer halben Stunde beendet war, sorgte die Anfahrt f\u00fcr die zwei L\u00f6schfahrzeuge aus Kostheim erneut f\u00fcr Kopfsch\u00fctteln. Nachdem Ende August bereits bei einem Einsatz die Durchfahrt in der Mathildenstra\u00dfe massiv behindert wurde, stand der gleiche Transporter wieder an der gleichen und somit blockierenden Stelle. Mit lautem Martinshorn machte die Feuerwehr auf sich aufmerksam, bis der Besitzer letztendlich die Stra\u00dfe frei machte und beiseite fuhr.<\/p>\n<p><img decoding=\"async\" class=\"alignright size-medium wp-image-5779\" style=\"border: 4px solid #D8D8D8;\" src=\"https:\/\/www.feuerwehrkostheim.de\/wp-content\/uploads\/2020\/09\/2020-09-17_Parkverbot-300x225.jpg\" alt=\"\" height=\"225\" srcset=\"https:\/\/www.feuerwehrkostheim.de\/wp-content\/uploads\/2020\/09\/2020-09-17_Parkverbot-300x225.jpg 300w, https:\/\/www.feuerwehrkostheim.de\/wp-content\/uploads\/2020\/09\/2020-09-17_Parkverbot-1024x768.jpg 1024w, https:\/\/www.feuerwehrkostheim.de\/wp-content\/uploads\/2020\/09\/2020-09-17_Parkverbot-768x576.jpg 768w, https:\/\/www.feuerwehrkostheim.de\/wp-content\/uploads\/2020\/09\/2020-09-17_Parkverbot.jpg 1210w\" sizes=\"(max-width: 300px) 100vw, 300px\" \/><\/p>\n<p>W\u00e4hrend das erste L\u00f6schfahrzeug \u201enur\u201c mit der Zeitverz\u00f6gerung zu k\u00e4mpfen hatte, endete die Durchfahrt f\u00fcr das zweite Kostheimer Fahrzeug mit einer Besch\u00e4digung eines geparkten PKW\u00b4s und somit mit einem Eigenunfall. Die Einsatzfahrt musste daraufhin abgebrochen werden und man wartete auf das Eintreffen der Polizei.<\/p>\n<p>Mittlerweile stellte das Stra\u00dfenverkehrsamt in der Mathildenstra\u00dfe im Bereich zwischen Schulstra\u00dfe und Hauptstra\u00dfe zus\u00e4tzlich &#8211; zu dem ohnehin auch ohne Beschilderung g\u00fcltigen absoluten Halteverbot &#8211; noch die entsprechenden Verkehrsschilder auf.<\/p>\n","protected":false},"excerpt":{"rendered":"<p>16. September 2020 &#8211; 23:25 Uhr Hauptstra\u00dfe 1 F 2 Einsatz 45 &#8211; 2020 Am sp\u00e4ten Mittwochabend r\u00fcckte die Kostheimer Feuerwehr zusammen mit dem L\u00f6schzug der Berufsfeuerwehr zur Unterst\u00fctzung der Werkfeuerwehr ins Papierwerk nach Kostheim aus. W\u00e4hrend der Einsatz auf dem Werksgel\u00e4nde nach etwas mehr als einer halben Stunde beendet war, sorgte die Anfahrt f\u00fcr [&hellip;]<\/p>\n","protected":false},"author":1,"featured_media":0,"comment_status":"closed","ping_status":"open","sticky":false,"template":"","format":"standard","meta":{"_et_pb_use_builder":"","_et_pb_old_content":"","_et_gb_content_width":"","_crdt_document":"","footnotes":""},"categories":[5],"tags":[258,1365,1265,1364,228,1115,1363,76,38],"class_list":["post-5777","post","type-post","status-publish","format-standard","hentry","category-einsatze","tag-bma","tag-eigenunfall","tag-f2","tag-mathildenstrasse","tag-papierwerk","tag-parken","tag-problem","tag-unfall","tag-werkfeuerwehr"],"_links":{"self":[{"href":"https:\/\/www.feuerwehrkostheim.de\/index.php?rest_route=\/wp\/v2\/posts\/5777","targetHints":{"allow":["GET"]}}],"collection":[{"href":"https:\/\/www.feuerwehrkostheim.de\/index.php?rest_route=\/wp\/v2\/posts"}],"about":[{"href":"https:\/\/www.feuerwehrkostheim.de\/index.php?rest_route=\/wp\/v2\/types\/post"}],"author":[{"embeddable":true,"href":"https:\/\/www.feuerwehrkostheim.de\/index.php?rest_route=\/wp\/v2\/users\/1"}],"replies":[{"embeddable":true,"href":"https:\/\/www.feuerwehrkostheim.de\/index.php?rest_route=%2Fwp%2Fv2%2Fcomments&post=5777"}],"version-history":[{"count":2,"href":"https:\/\/www.feuerwehrkostheim.de\/index.php?rest_route=\/wp\/v2\/posts\/5777\/revisions"}],"predecessor-version":[{"id":5780,"href":"https:\/\/www.feuerwehrkostheim.de\/index.php?rest_route=\/wp\/v2\/posts\/5777\/revisions\/5780"}],"wp:attachment":[{"href":"https:\/\/www.feuerwehrkostheim.de\/index.php?rest_route=%2Fwp%2Fv2%2Fmedia&parent=5777"}],"wp:term":[{"taxonomy":"category","embeddable":true,"href":"https:\/\/www.feuerwehrkostheim.de\/index.php?rest_route=%2Fwp%2Fv2%2Fcategories&post=5777"},{"taxonomy":"post_tag","embeddable":true,"href":"https:\/\/www.feuerwehrkostheim.de\/index.php?rest_route=%2Fwp%2Fv2%2Ftags&post=5777"}],"curies":[{"name":"wp","href":"https:\/\/api.w.org\/{rel}","templated":true}]}}